{"id":2395,"date":"2017-03-31T09:43:01","date_gmt":"2017-03-31T09:43:01","guid":{"rendered":"http:\/\/www.cgt-lkn.org\/araba\/?p=2395"},"modified":"2017-10-25T11:45:11","modified_gmt":"2017-10-25T11:45:11","slug":"rojo-y-negro-tv-lucha-no-17","status":"publish","type":"post","link":"https:\/\/www.cgt-lkn.org\/araba\/blog\/archivos\/2395","title":{"rendered":"ROJO Y NEGRO TV LUCHA N\u00ba 17"},"content":{"rendered":"<p><iframe loading=\"lazy\" title=\"#RNtvLucha17\" width=\"700\" height=\"394\" src=\"https:\/\/www.youtube.com\/embed\/upGRJgePyTk?start=1&#038;feature=oembed\" frameborder=\"0\" allow=\"accelerometer; autoplay; clipboard-write; encrypted-media; gyroscope; picture-in-picture; web-share\" referrerpolicy=\"strict-origin-when-cross-origin\" allowfullscreen><\/iframe><\/p>\n<p>&nbsp;<\/p>\n<p>En este programa contamos con estos reportajes: &#8211; La asociaci\u00f3n \u201cLas Kellys\u201d se crea en marzo de 2016 con el objetivo de hacer visible las precarias condiciones laborales de las camareras de piso y como herramienta de organizaci\u00f3n y reivindicaci\u00f3n del colectivo. En Espa\u00f1a hay unas 100.000 camareras de piso, la asociaci\u00f3n cuenta con 2.500 afiliadas. &#8211; El servicio de Ambulancias de la Sanidad Madrile\u00f1a est\u00e1 externalizado desde el principio de su creaci\u00f3n. &#8211; La empresa SAFE, con 490 trabajadoras, se dedica al servicio asistencial de urgencias, la empresa incumple el convenio. &#8211; La empresa Alerta, con 250 trabajadoras, se dedica al servicio de traslados programados, e incumple los pliegos de condiciones de la contrata. La Consejer\u00eda de Sanidad no vigila el cumplimiento del Convenio y las condiciones del servicio. Las trabajadoras no cobran horas extras y no llegan a cumplir con la carga de trabajo que se les asigna por falta de medios. Las usuarias sufren las consecuencias de los recortes soportando demoras y mal servicio. &#8211; 061 y 112 Barcelona, conflicto por la negociaci\u00f3n del convenio colectivo tras varios a\u00f1os sin mejoras, por primera vez en el sector los servicios m\u00ednimos son de 100%. &#8211; Breves: &#8211; Concentraci\u00f3n frente al Banco Santander contra los despidos en Konecta y Grupo Atos. &#8211; Concentraci\u00f3n en Madrid conmemorado el D\u00eda Internacional de la Mujer Trabajadora. &#8211; Concentraci\u00f3n frente a la sede del BBVA contra su pol\u00edtica de despidos injustificados. &#8211; Nuestro compa\u00f1ero Nahuel, injustamente encarcelado, es puesto en libertad. &#8211; Concentraci\u00f3n en Puerta de Atocha contra la precariedad en Ferrovial.<\/p>\n","protected":false},"excerpt":{"rendered":"<p>&nbsp; En este programa contamos con estos reportajes: &#8211; La asociaci\u00f3n \u201cLas Kellys\u201d se crea en marzo de 2016 con<\/p>\n","protected":false},"author":28,"featured_media":0,"comment_status":"closed","ping_status":"closed","sticky":false,"template":"","format":"standard","meta":{"footnotes":""},"categories":[1],"tags":[],"class_list":["post-2395","post","type-post","status-publish","format-standard","hentry","category-uncategorized"],"_links":{"self":[{"href":"https:\/\/www.cgt-lkn.org\/araba\/wp-json\/wp\/v2\/posts\/2395","targetHints":{"allow":["GET"]}}],"collection":[{"href":"https:\/\/www.cgt-lkn.org\/araba\/wp-json\/wp\/v2\/posts"}],"about":[{"href":"https:\/\/www.cgt-lkn.org\/araba\/wp-json\/wp\/v2\/types\/post"}],"author":[{"embeddable":true,"href":"https:\/\/www.cgt-lkn.org\/araba\/wp-json\/wp\/v2\/users\/28"}],"replies":[{"embeddable":true,"href":"https:\/\/www.cgt-lkn.org\/araba\/wp-json\/wp\/v2\/comments?post=2395"}],"version-history":[{"count":1,"href":"https:\/\/www.cgt-lkn.org\/araba\/wp-json\/wp\/v2\/posts\/2395\/revisions"}],"predecessor-version":[{"id":2396,"href":"https:\/\/www.cgt-lkn.org\/araba\/wp-json\/wp\/v2\/posts\/2395\/revisions\/2396"}],"wp:attachment":[{"href":"https:\/\/www.cgt-lkn.org\/araba\/wp-json\/wp\/v2\/media?parent=2395"}],"wp:term":[{"taxonomy":"category","embeddable":true,"href":"https:\/\/www.cgt-lkn.org\/araba\/wp-json\/wp\/v2\/categories?post=2395"},{"taxonomy":"post_tag","embeddable":true,"href":"https:\/\/www.cgt-lkn.org\/araba\/wp-json\/wp\/v2\/tags?post=2395"}],"curies":[{"name":"wp","href":"https:\/\/api.w.org\/{rel}","templated":true}]}}