{"id":2192,"date":"2017-02-22T13:36:02","date_gmt":"2017-02-22T13:36:02","guid":{"rendered":"http:\/\/www.cgt-lkn.org\/araba\/?p=2192"},"modified":"2017-06-25T18:52:16","modified_gmt":"2017-06-25T18:52:16","slug":"concentraciones-contra-la-reapertura-de-la-central-nuclear-de-garona","status":"publish","type":"post","link":"https:\/\/www.cgt-lkn.org\/araba\/blog\/archivos\/2192","title":{"rendered":"CONCENTRACIONES CONTRA LA REAPERTURA DE LA CENTRAL NUCLEAR DE GARO\u00d1A"},"content":{"rendered":"<p>&nbsp;<\/p>\n<div class=\"post-headline\">\n<h1>CONCENTRACIONES contra la reapertura de la central nuclear de Garo\u00f1a: Jueves, d\u00eda 23 de Febrero<\/h1>\n<\/div>\n<div class=\"post-byline\">CGT-LKN Euskal Herria : 22\/02\/17 10:09 | Categor\u00eda: <a class=\"movilizaciones\" title=\"Movilizaciones\" href=\"https:\/\/www.cgt-lkn.org\/blog\/archivos\/category\/movilizaciones\">Movilizaciones, <\/a><a class=\"social\" title=\"Social\" href=\"https:\/\/www.cgt-lkn.org\/blog\/archivos\/category\/social\">Social<\/a><\/div>\n<div class=\"post-bodycopy clearfix\">\n<div class=\"addtoany_share_save_container addtoany_content_top\"><\/div>\n<div class=\"pf-content\">\n<p style=\"text-align: center;\"><strong><u><img loading=\"lazy\" decoding=\"async\" class=\"alignleft wp-image-2472 \" src=\"https:\/\/www.cgt-lkn.org\/wp-content\/uploads\/sites\/16\/2017\/02\/kartel-orokorra-212x300.jpg\" sizes=\"auto, (max-width: 212px) 100vw, 212px\" srcset=\"https:\/\/www.cgt-lkn.org\/wp-content\/uploads\/sites\/16\/2017\/02\/kartel-orokorra-212x300.jpg 212w, https:\/\/www.cgt-lkn.org\/wp-content\/uploads\/sites\/16\/2017\/02\/kartel-orokorra-141x200.jpg 141w, https:\/\/www.cgt-lkn.org\/wp-content\/uploads\/sites\/16\/2017\/02\/kartel-orokorra-400x566.jpg 400w, https:\/\/www.cgt-lkn.org\/wp-content\/uploads\/sites\/16\/2017\/02\/kartel-orokorra.jpg 424w\" width=\"216\" height=\"306\" \/><\/u><\/strong><\/p>\n<p style=\"text-align: center;\"><strong><u><span style=\"font-size: 14pt;\">ELKARRETARATZEAK\/CONCENTRACIONES<\/span><\/u><\/strong><\/p>\n<ul>\n<li><span style=\"font-size: 14pt;\"><strong><u>Algorta<\/u><\/strong><strong>: Avenida Alda Basagoiti Etorbidea, 64. 12:00-13:00 \/ 18:00-19:00<\/strong><\/span><\/li>\n<li><span style=\"font-size: 14pt;\"><strong><u>Barakaldo<\/u><\/strong><strong>: Calle Elkano Kalea, 9. 12:00-13:00 \/ 18:00-19:00<\/strong><\/span><\/li>\n<li><span style=\"font-size: 14pt;\"><strong><u>Basauri<\/u><\/strong><strong>:\u00a0Miradoretan Iberdrolaren bulegoaren aurrean \/ Miradores Frente a la oficina de Iberdrola. 12:00-13:00 \/ 18:00-19:00<\/strong><\/span><\/li>\n<li><span style=\"font-size: 14pt;\"><strong><u>Bilbao<\/u><\/strong><strong>: Alda Urquijo 33. 12:00-13:00 \/ 18:00-19:00<\/strong><\/span><\/li>\n<li><span style=\"font-size: 14pt;\"><strong><u>Durango<\/u><\/strong><strong>: Calle Andra Mari kalea, 1. 12:00-13:00<\/strong><\/span><\/li>\n<li><span style=\"font-size: 14pt;\"><strong><u>Gasteiz: giza-katea<\/u><\/strong><strong>\/cadena humana. 19:00 Diputazioaren aurrean \/frente a la Diputaci\u00f3n.<\/strong><\/span><\/li>\n<\/ul>\n<p style=\"text-align: center;\"><span style=\"font-size: 14pt;\"><strong>\u00a0<\/strong><strong>Desenchufate de Iberdrola o Endesa \u00a1Paremos Garo\u00f1a!<\/strong><\/span><\/p>\n<p><span style=\"font-size: 14pt;\">Despu\u00e9s de las cat\u00e1strofes humanas y econ\u00f3micas de Txernobil y Fukushima que han dejado m\u00e1s de 200.000 muertos, 700.000 millones de p\u00e9rdidas, 500.000 de desplazados\/as\u2026 no podemos permitir que reabran Garo\u00f1a. En caso de accidente nuclear es mejor no pensar lo que podr\u00eda pasar: miles de muertos y gente enferma toda la vida, se contaminar\u00eda el agua que tomamos en Araba y Bizkaia de los pantanos del Zadorra y Ordunte, en el Ebro no se podr\u00eda regar, las viviendas y empresas perder\u00edan su valor\u2026 \u00a1Vale ya! Hay que desenchufarse de Garo\u00f1a, es decir, hay que hacer la portabilidad de Iberdrola a cualquier compa\u00f1\u00eda o cooperativa que solo venda energ\u00edas renovables. \u00a1No demos un duro a quien nos pone en peligro!<\/span><\/p>\n<p><span style=\"font-size: 14pt;\">CONVOCAN: Berri Otxoak, Bilboko Auzo Elkarteak, CCOO, CGT-LKN, CNT, Desazkundea, Eguzki, EH Bildu, EHNE Bizkaia, Ekologistak Martxan, Energia Gara, ESK, Equo, Ezker Anitza, Garo\u00f1aren kontrako Foroa,\u00a0\u00a0 Goiener Elkartea, Greenpace, Gure Energia, Kakitzat, LAB, 15M Bizkaia, PAH, PCE-EPK, Podemos, steilas, Sagarrak, Udalberri.\u00a0<strong>\u00a0<\/strong><\/span><\/p>\n<\/div>\n<\/div>\n","protected":false},"excerpt":{"rendered":"<p><a href=\"https:\/\/www.cgt-lkn.org\/araba\/blog\/2017\/02\/22\/concentraciones-contra-la-reapertura-de-la-central-nuclear-de-garona\/\"><img loading=\"lazy\" decoding=\"async\" class=\"aligncenter wp-image-2193\" src=\"https:\/\/www.cgt-lkn.org\/araba\/wp-content\/uploads\/sites\/16\/2017\/02\/kartel-orokorra-212x300-212x300.jpg\" width=\"250\" height=\"354\" \/><\/a><\/p>\n","protected":false},"author":28,"featured_media":0,"comment_status":"closed","ping_status":"open","sticky":false,"template":"","format":"standard","meta":{"footnotes":""},"categories":[1],"tags":[],"class_list":["post-2192","post","type-post","status-publish","format-standard","hentry","category-uncategorized"],"_links":{"self":[{"href":"https:\/\/www.cgt-lkn.org\/araba\/wp-json\/wp\/v2\/posts\/2192","targetHints":{"allow":["GET"]}}],"collection":[{"href":"https:\/\/www.cgt-lkn.org\/araba\/wp-json\/wp\/v2\/posts"}],"about":[{"href":"https:\/\/www.cgt-lkn.org\/araba\/wp-json\/wp\/v2\/types\/post"}],"author":[{"embeddable":true,"href":"https:\/\/www.cgt-lkn.org\/araba\/wp-json\/wp\/v2\/users\/28"}],"replies":[{"embeddable":true,"href":"https:\/\/www.cgt-lkn.org\/araba\/wp-json\/wp\/v2\/comments?post=2192"}],"version-history":[{"count":4,"href":"https:\/\/www.cgt-lkn.org\/araba\/wp-json\/wp\/v2\/posts\/2192\/revisions"}],"predecessor-version":[{"id":2354,"href":"https:\/\/www.cgt-lkn.org\/araba\/wp-json\/wp\/v2\/posts\/2192\/revisions\/2354"}],"wp:attachment":[{"href":"https:\/\/www.cgt-lkn.org\/araba\/wp-json\/wp\/v2\/media?parent=2192"}],"wp:term":[{"taxonomy":"category","embeddable":true,"href":"https:\/\/www.cgt-lkn.org\/araba\/wp-json\/wp\/v2\/categories?post=2192"},{"taxonomy":"post_tag","embeddable":true,"href":"https:\/\/www.cgt-lkn.org\/araba\/wp-json\/wp\/v2\/tags?post=2192"}],"curies":[{"name":"wp","href":"https:\/\/api.w.org\/{rel}","templated":true}]}}