{"id":2186,"date":"2017-02-19T17:52:48","date_gmt":"2017-02-19T17:52:48","guid":{"rendered":"http:\/\/www.cgt-lkn.org\/araba\/?p=2186"},"modified":"2017-06-25T18:54:11","modified_gmt":"2017-06-25T18:54:11","slug":"el-movimiento-feminista-prepara-una-huelga-internacional-de-mujeres","status":"publish","type":"post","link":"https:\/\/www.cgt-lkn.org\/araba\/blog\/archivos\/2186","title":{"rendered":"EL MOVIMIENTO FEMINISTA PREPARA UNA HUELGA INTERNACIONAL DE MUJERES"},"content":{"rendered":"<header>\n<div class=\"subtitle bkn mce sk2\">\n<h1 class=\"pg-headline\" style=\"text-align: justify;\">El movimiento feminista prepara una huelga internacional de mujeres para el 8 de marzo<\/h1>\n<p>Los paros convocados en Argentina y Polonia a finales de 2016 han llevado a decenas de pa\u00edses a coordinarse para realizar una acci\u00f3n global el pr\u00f3ximo D\u00eda Internacional de la Mujer<\/p>\n<p>En Espa\u00f1a, que parar\u00e1 de 12.00 a 12.30 del mediod\u00eda, a\u00fan se est\u00e1n definiendo las l\u00edneas de actuaci\u00f3n y las reivindicaciones concretas de la movilizaci\u00f3n<\/p>\n<p>En unos pa\u00edses las mujeres abandonar\u00e1n sus puestos de trabajo y las tareas del hogar durante unas horas del d\u00eda y en otros durante toda la jornada<\/p>\n<\/div>\n<div class=\"inset cf\">\n<figure class=\"media-holder\"><img loading=\"lazy\" decoding=\"async\" src=\"http:\/\/images.eldiario.es\/sociedad\/Realizan-Argentina-violencia-machista-marcha_EDIIMA20161020_0008_27.jpg\" alt=\"Realizan un paro en Argentina contra la violencia machista antes de la masiva marcha\" width=\"643\" height=\"362\" \/><figcaption class=\"caption-inside\">Manifestaci\u00f3n en Argentina contra la violencia machista el pasado 19 de octubre <span class=\"font\">EFE<\/span><\/figcaption><\/figure>\n<\/div>\n<\/header>\n<div class=\"pg-body\">\n<div id=\"edi-body\" class=\"mce-body mce no-sticky-adv-socios\">\n<p class=\"mce\" style=\"text-align: justify;\"><span style=\"font-size: 14pt;\">La llama prendi\u00f3 el 3 de octubre, cuando<a class=\"mce\" href=\"http:\/\/www.eldiario.es\/sociedad\/Polonia-mujeres-batalla-victoria-parcial_0_566943506.html\"> las mujeres polacas llenaron las calles de Varsovia<\/a> y otras tantas ciudades\u00a0<span class=\"mce\"> contra el proyecto que preparaba el Gobierno y que\u00a0endurec\u00eda ya la restrictiva ley del aborto en Polonia. Lo bautizaron \u00ablunes negro\u00bb porque las mujeres se vistieron de este color para abandonar sus puestos de trabajo \u2013y las tareas del hogar\u2013 y manifestarse por sus derechos.<\/span><\/span><\/p>\n<p class=\"mce\" style=\"text-align: justify;\"><span class=\"mce\" style=\"font-size: 14pt;\">Poco despu\u00e9s, el d\u00eda 19 del mismo mes, el brutal asesinato de una joven de 16 a\u00f1os en Argentina <a class=\"mce\" href=\"http:\/\/www.eldiario.es\/internacional\/Argentina-luto-calles-mujeres-asesinadas_0_571492847.html\">lanz\u00f3 a las calles a miles de personas<\/a>\u00a0 siguiendo la estela de las manifestaciones convocadas por el colectivo Ni Una Menos en 2015 y 2016. Las mujeres, vestidas de negro, protagonizaron un paro de una hora contra la violencia machista, que en Argentina asesina a una mujer aproximadamente cada 30 horas.\u00a0<\/span><\/p>\n<p class=\"mce\" style=\"text-align: justify;\"><span class=\"mce\" style=\"font-size: 14pt;\">La coincidencia de las movilizaciones en el mismo mes prepar\u00f3\u00a0el caldo de cultivo de un llamamiento internacional convocado para el pr\u00f3ximo 8 de marzo, D\u00eda Internacional de la Mujer.\u00a0Decenas de colectivos de m\u00e1s de 30 pa\u00edses, entre ellos Espa\u00f1a, est\u00e1n organizando una huelga internacional de mujeres, tanto en el \u00e1mbito productivo como en el de cuidados.<\/span><\/p>\n<p class=\"mce\" style=\"text-align: justify;\"><span class=\"mce\" style=\"font-size: 14pt;\">Consiste en abandonar sus puestos de trabajo de manera voluntaria y dejar de encargarse de las tareas del hogar\u00a0para protestar contra la violencia machista, las agresiones sexuales, el acoso o la brecha salarial. Las reivindicaciones son m\u00faltiples, \u00abtodas aquellas que atraviesan la vida de las mujeres por el hecho de serlo\u00bb, se\u00f1ala Laura Salom\u00e9,\u00a0activista de la Campa\u00f1a Nacional por el Derecho al Aborto legal, seguro y gratuito en Argentina.<\/span><\/p>\n<h3 style=\"text-align: justify;\"><span style=\"font-size: 14pt;\">As\u00ed ech\u00f3 a andar el Paro Internacional de Mujeres<\/span><\/h3>\n<p class=\"mce\" style=\"text-align: justify;\"><span class=\"mce\" style=\"font-size: 14pt;\">A las manifestaciones y paros\u00a0en Polonia y Argentina se uni\u00f3\u00a0<a class=\"mce\" href=\"http:\/\/www.eldiario.es\/internacional\/Cientos-miles-mujeres-marchan-Trump_0_604039983.html\"> la\u00a0<\/a> <a class=\"mce\" href=\"http:\/\/www.eldiario.es\/internacional\/Cientos-miles-mujeres-marchan-Trump_0_604039983.html\">Women&#8217;s March estadounidense<\/a> del 21 de enero contra la investidura de Trump, que agit\u00f3 el panorama medi\u00e1tico\u00a0y\u00a0situ\u00f3 como sujeto pol\u00edtico de las movilizaciones a miles de mujeres reivindicando sus derechos. \u00abFueron movimientos enormes y multitudinarios, pero ante todos nos pregunt\u00e1bamos &#8216;\u00bfy ahora qu\u00e9&#8217;, &#8216;\u00bfqu\u00e9 m\u00e1s&#8217;?\u00bb, resume la feminista Klementyna Suchanow desde Varsovia.\u00a0<\/span><\/p>\n<p class=\"mce\" style=\"text-align: justify;\"><span style=\"font-size: 14pt;\"><span class=\"mce\">Antes de la masiva marcha contra el presidente de Estados Unidos, que tuvo r\u00e9plicas en todo el mundo y cont\u00f3 con el doble de asistentes de lo previsto,<\/span>\u00a0el ambiente de creciente movilizaci\u00f3n ya hab\u00eda llevado a las convocantes del \u00ablunes negro\u00bb polaco a contactar con el movimiento feminista Ni Una Menos, que lanz\u00f3 la propuesta a otros pa\u00edses latinoamericanos de organizar una acci\u00f3n conjunta. A finales de octubre del a\u00f1o pasado ya la hab\u00edan denominado \u00abParo Internacional de Mujeres\u00bb.<\/span><\/p>\n<p class=\"mce\" style=\"text-align: justify;\"><span style=\"font-size: 14pt;\">A Argentina y Polonia se han sumado decenas de pa\u00edses como Alemania, Bolivia, Islandia, Portugal, Turqu\u00eda, Ecuador, Reino Unido, Costa Rica, Honduras o Italia, y el n\u00famero de adhesiones crece cada d\u00eda. Cada uno est\u00e1 definiendo las l\u00edneas de actuaci\u00f3n, las demandas principales, los lemas y el modelo de paro que se llevar\u00e1 a cabo: en unos se abandonar\u00e1n los puestos de trabajo durante unas horas determinadas, en otros durante todo el d\u00eda.<\/span><\/p>\n<h3 style=\"text-align: justify;\"><span style=\"font-size: 14pt;\">El car\u00e1cter internacional del feminismo<\/span><\/h3>\n<p class=\"mce\" style=\"text-align: justify;\"><span style=\"font-size: 14pt;\">En unos lugares la huelga estar\u00e1 enfocada al empleo remunerado, al \u00e1mbito productivo, y en otros se extender\u00e1 adem\u00e1s al de cuidados. Es decir, las mujeres, <a class=\"mce\" href=\"http:\/\/www.eldiario.es\/economia\/Paternidades_0_576392696.html\">que realizan mayoritariamente las tareas del hogar<\/a>, dejar\u00e1n de encargarse por un d\u00eda con el objetivo de\u00a0abrir la puerta de atr\u00e1s de la econom\u00eda y visibilizar que los cuidados constituyen una parte fundamental del sostenimiento de las sociedades. \u00abSi nuestro trabajo no vale, produzcan sin nosotras\u00bb, resumen las activistas argentinas.<\/span><\/p>\n<p class=\"mce\" style=\"text-align: justify;\"><span style=\"font-size: 14pt;\">En Espa\u00f1a \u2013de momento se est\u00e1 organizando en Madrid y Barcelona\u2013 el paro se realizar\u00e1 de 12.00 a 12.30 del mediod\u00eda y ser\u00e1 de car\u00e1cter total: productivo y de cuidados. Las asambleas que se est\u00e1n celebrando siguen definiendo las reivindicaciones concretas que se har\u00e1n en cada pa\u00eds. En Argentina, por ejemplo, se centrar\u00e1n en los feminicidios, la inseguridad del aborto, y la desigualdad en el acceso al empleo.<\/span><\/p>\n<p class=\"mce\" style=\"text-align: justify;\"><span style=\"font-size: 14pt;\">Pero \u00abm\u00e1s all\u00e1 de la coyuntura individual de cada territorio hay un sistema pol\u00edtico, econ\u00f3mico y sociocultural que nos oprime en todo el mundo y al que aspiramos a subvertir\u00bb, apunta Salom\u00e9. Para Noa, activista espa\u00f1ola que est\u00e1 participando en las asambleas que se celebran en Madrid, la novedad es\u00a0\u00abel intento de unificar la lucha a nivel mundial\u00bb, que confiere un car\u00e1cter internacional al feminismo.<\/span><\/p>\n<p class=\"mce\" style=\"text-align: justify;\"><span style=\"font-size: 14pt;\">Asegura que la articulaci\u00f3n del paro, al que califica de \u00ab\u00e9xito\u00bb, se est\u00e1 haciendo v\u00eda Facebook, donde ya hay varios grupos y convocatorias de la acci\u00f3n y sostiene\u00a0aunque cada pa\u00eds defina sus reivindicaciones, hay un hilo conductor com\u00fan. \u00abYa no son las mujeres polacas, &#8216;que est\u00e1n locas&#8217;, como nos dijeron, tampoco solo las argentinas. Somos todas\u00bb, resume\u00a0<span class=\"mce\"> Suchanow.<\/span><\/span><\/p>\n<p class=\"mce\" style=\"text-align: justify;\">Fuente: El diario.es<\/p>\n<\/div>\n<\/div>\n","protected":false},"excerpt":{"rendered":"<p><a href=\"https:\/\/www.cgt-lkn.org\/araba\/blog\/2017\/02\/19\/el-movimiento-feminista-prepara-una-huelga-internacional-de-mujeres\/\"><img loading=\"lazy\" decoding=\"async\" class=\"aligncenter wp-image-1403\" src=\"https:\/\/www.cgt-lkn.org\/araba\/wp-content\/uploads\/sites\/16\/2016\/03\/8M-cartel-animado_1-212x300.gif\" width=\"220\" height=\"311\" \/><\/a><\/p>\n","protected":false},"author":28,"featured_media":0,"comment_status":"closed","ping_status":"open","sticky":false,"template":"","format":"standard","meta":{"footnotes":""},"categories":[1],"tags":[],"class_list":["post-2186","post","type-post","status-publish","format-standard","hentry","category-uncategorized"],"_links":{"self":[{"href":"https:\/\/www.cgt-lkn.org\/araba\/wp-json\/wp\/v2\/posts\/2186","targetHints":{"allow":["GET"]}}],"collection":[{"href":"https:\/\/www.cgt-lkn.org\/araba\/wp-json\/wp\/v2\/posts"}],"about":[{"href":"https:\/\/www.cgt-lkn.org\/araba\/wp-json\/wp\/v2\/types\/post"}],"author":[{"embeddable":true,"href":"https:\/\/www.cgt-lkn.org\/araba\/wp-json\/wp\/v2\/users\/28"}],"replies":[{"embeddable":true,"href":"https:\/\/www.cgt-lkn.org\/araba\/wp-json\/wp\/v2\/comments?post=2186"}],"version-history":[{"count":3,"href":"https:\/\/www.cgt-lkn.org\/araba\/wp-json\/wp\/v2\/posts\/2186\/revisions"}],"predecessor-version":[{"id":2358,"href":"https:\/\/www.cgt-lkn.org\/araba\/wp-json\/wp\/v2\/posts\/2186\/revisions\/2358"}],"wp:attachment":[{"href":"https:\/\/www.cgt-lkn.org\/araba\/wp-json\/wp\/v2\/media?parent=2186"}],"wp:term":[{"taxonomy":"category","embeddable":true,"href":"https:\/\/www.cgt-lkn.org\/araba\/wp-json\/wp\/v2\/categories?post=2186"},{"taxonomy":"post_tag","embeddable":true,"href":"https:\/\/www.cgt-lkn.org\/araba\/wp-json\/wp\/v2\/tags?post=2186"}],"curies":[{"name":"wp","href":"https:\/\/api.w.org\/{rel}","templated":true}]}}