{"id":2130,"date":"2017-02-11T20:50:40","date_gmt":"2017-02-11T20:50:40","guid":{"rendered":"http:\/\/www.cgt-lkn.org\/araba\/?p=2130"},"modified":"2017-04-02T08:21:58","modified_gmt":"2017-04-02T08:21:58","slug":"la-reapertura-de-garona-entrana-un-riesgo-inasumible-segun-recortes-cero-y-los-verdes","status":"publish","type":"post","link":"https:\/\/www.cgt-lkn.org\/araba\/blog\/archivos\/2130","title":{"rendered":"LA REAPERTURA DE GARO\u00d1A ENTRA\u00d1A UN RIESGO INASUMIBLE SEG\u00daN RECORTES CERO Y LOS VERDES"},"content":{"rendered":"<h1 class=\"posttitle\">La reapertura de Garo\u00f1a entra\u00f1a un riesgo inasumible seg\u00fan Recortes Cero y Los Verdes<\/h1>\n<div class=\"atclear\">\u00a0<i>Por <\/i><a title=\"View all posts by Mundo\" href=\"http:\/\/kaosenlared.net\/author\/esteban-cabal\/\">Mundo<\/a><\/div>\n<p>&nbsp;<\/p>\n<div class=\"entry\">\n<p><span style=\"font-size: 14pt;\">Unas horas despu\u00e9s de que El Consejo de Seguridad Nuclear (CSN) diera luz verde a la reapertura de la central nuclear de Santa Mar\u00eda de Garo\u00f1a (Burgos), una explosi\u00f3n caus\u00f3 6 heridos en una central nuclear francesa y gener\u00f3 el p\u00e1nico de la poblaci\u00f3n.<\/span><\/p>\n<div><span style=\"font-size: 14pt;\"><a title=\"La reapertura de Garo\u00f1a entra\u00f1a un riesgo inasumible seg\u00fan Recortes Cero y Los Verdes\" href=\"http:\/\/kaosenlared.net\/wp-content\/uploads\/sites\/16\/2017\/02\/Grafico-radiacion-Garo%C3%B1a.jpg\"><img loading=\"lazy\" decoding=\"async\" class=\"attachment-medium size-medium wp-post-image alignright\" src=\"http:\/\/kaosenlared.net\/wp-content\/uploads\/sites\/16\/2017\/02\/Grafico-radiacion-Garo%C3%B1a-300x222.jpg\" sizes=\"auto, (max-width: 300px) 100vw, 300px\" srcset=\"http:\/\/kaosenlared.net\/wp-content\/uploads\/sites\/16\/2017\/02\/Grafico-radiacion-Garo\u00f1a-300x222.jpg 300w, http:\/\/kaosenlared.net\/wp-content\/uploads\/sites\/16\/2017\/02\/Grafico-radiacion-Garo\u00f1a.jpg 400w\" alt=\"\" width=\"300\" height=\"222\" \/><\/a><\/span><\/div>\n<p><span style=\"font-size: 14pt;\">Unas horas despu\u00e9s de que El\u00a0Consejo de Seguridad Nuclear\u00a0(CSN) diera luz verde a la reapertura de la\u00a0central nuclear\u00a0de\u00a0Santa Mar\u00eda de Garo\u00f1a\u00a0(Burgos), una explosi\u00f3n caus\u00f3 6 heridos en una central nuclear francesa y gener\u00f3 el p\u00e1nico de la poblaci\u00f3n.<\/span><\/p>\n<p><span style=\"font-size: 14pt;\">Mientras los telediarios abr\u00edan con estas inquietantes noticias, otras informaciones no menos importantes se daban a conocer esta semana, aunque apenas han trascendido a la opini\u00f3n p\u00fablica.<\/span><\/p>\n<p><span style=\"font-size: 14pt;\">La primera habla de la aparici\u00f3n de un agujero de unos dos metros de di\u00e1metro\u00a0 en el reactor n\u00famero dos de Fukushima, hermana gemela de Garo\u00f1a. \u201cLa aparici\u00f3n de este agujero se deber\u00eda a una de las muchas\u00a0fugas de combustible\u00a0que tuvieron lugar tras el terremoto que asol\u00f3 a Jap\u00f3n en el a\u00f1o 2011, y de momento ya ha provocado unos niveles de radiaci\u00f3n que\u00a0superan por completo los registros m\u00e1s altos detectados hasta la fecha\u00a0(73 sieverts por hora)\u201d.<\/span><\/p>\n<p><span style=\"font-size: 14pt;\">Los trabajos de limpieza del combustible no arrancar\u00edan hasta el a\u00f1o 2021, pero el verdadero reto consiste\u00a0en llegar hasta la zona del agujero. Ninguna m\u00e1quina ser\u00eda capaz de soportar durante m\u00e1s de un par de horas estos niveles de radiaci\u00f3n.<\/span><\/p>\n<p><span style=\"font-size: 14pt;\">La segunda noticia relacionada con la energ\u00eda nuclear y la reapertura de Garo\u00f1a ha sido la explosiva declaraci\u00f3n de Antonio Ruiz de Elvira, catedr\u00e1tico de F\u00edsica Aplicada en la Universidad de Alcal\u00e1 de Henares y experto en energ\u00eda nuclear: \u201cEl hecho de que lleve 4 a\u00f1os cerrada, al tener que calentarla, los bruscos cambios de temperatura pueden facilitar la aparici\u00f3n\u00a0de grietas en elementos claves del reactor nuclear como, por ejemplo, el edificio de contenci\u00f3n que lo alberga\u201d.<\/span><\/p>\n<p><span style=\"font-size: 14pt;\">As\u00ed pues, para Nuria Su\u00e1rez, portavoz de Recortes Cero -coalici\u00f3n que incluye a Los Verdes- \u201ces evidente que la reapertura de Garo\u00f1a es un desprop\u00f3sito y entra\u00f1a un riesgo inasumible\u201d.<\/span><\/p>\n<p><span style=\"font-size: 14pt;\">Las centrales nucleares son peligrosas, el seguro lo pagamos todos y se deben cerrar. Si la central nuclear de Garo\u00f1a sufriera un accidente grave, teniendo en cuenta la direcci\u00f3n noroeste del viento que suele ser la habitual en la zona, el material radiactivo llegar\u00eda hasta Zaragoza. El material se ir\u00eda depositando de m\u00e1s a menos por todo el valle del Ebro contaminando zonas pobladas como Vitoria y Logro\u00f1o. Habr\u00eda que desalojar y abandonar localidades cercanas como Miranda de Ebro y el material radiactivo contaminar\u00eda la cabecera del Ebro as\u00ed como el propio r\u00edo Ebro (la central nuclear utiliza las aguas del Ebro para su refrigeraci\u00f3n) desde su cabecera hasta la desembocadura, durante d\u00e9cadas o tal vez siglos.<\/span><\/p>\n<p><span style=\"font-size: 14pt;\">Esteban Cabal, co-portavoz de Recortes Cero y de Los Verdes \u2013 Grupo Verde, mantiene que \u201csustituir la energ\u00eda nuclear por fuentes renovables, adem\u00e1s de ser t\u00e9cnicamente viable y socialmente exigible, resulta econ\u00f3micamente rentable y abaratar\u00eda la factura de la luz en los hogares espa\u00f1oles\u201d. Para Cabal \u201cun calendario de cierre es una prioridad inaplazable porque la energ\u00eda nuclear es muy cara y peligrosa, genera residuos muy contaminantes que hipotecan el futuro de las generaciones venideras. Las centrales at\u00f3micas deben ser clausuradas de inmediato. Si potencias nucleares como Alemania o Jap\u00f3n ya lo est\u00e1n haciendo, \u00bfpor qu\u00e9 no podemos hacerlo nosotros?\u201d.<\/span><\/p>\n<p><span style=\"font-size: 14pt;\">La transici\u00f3n hacia un nuevo modelo energ\u00e9tico sostenible comporta esta necesidad porque la energ\u00eda nuclear no es la soluci\u00f3n para un mundo sin petr\u00f3leo. Recortes Cero y Los Verdes proponen un calendario escalonado para el abandono definitivo de la energ\u00eda nuclear.<\/span><\/p>\n<p><span style=\"font-size: 14pt;\">Seg\u00fan Esteban Cabal \u201cno existe ning\u00fan impedimento para que en 2020 no quede ni una sola nuclear en funcionamiento, y podemos garantizar que no supondr\u00eda ning\u00fan riesgo para el suministro el\u00e9ctrico. Espa\u00f1a exporta energ\u00eda, produce un 40% m\u00e1s electricidad de la que consume, y solo un 20% o menos es de origen nuclear\u201d.<\/span><\/p>\n<p><span style=\"font-size: 14pt;\">En opini\u00f3n de Nuria Su\u00e1rez \u201cel alargamiento de la vida \u00fatil de las centrales supondr\u00eda un riesgo inasumible porque las condiciones de funcionamiento no ser\u00edan las adecuadas. Adem\u00e1s un reactor at\u00f3mico produce 25 toneladas de residuos radioactivos de alta actividad cada a\u00f1o, residuos con los que no se sabe qu\u00e9 hacer y que contienen compuestos que emitir\u00e1n radiaci\u00f3n durante 110.000 a\u00f1os (Carbono-14) e incluso durante 480.000 a\u00f1os (Plutonio-239). Lo m\u00e1s seguro es dejar de producir estos residuos cuanto antes\u201d.<\/span><\/p>\n<\/div>\n","protected":false},"excerpt":{"rendered":"<p><a href=\"https:\/\/www.cgt-lkn.org\/araba\/?p=2130&amp;preview=true\"><img loading=\"lazy\" decoding=\"async\" class=\"aligncenter wp-image-2132\" src=\"https:\/\/www.cgt-lkn.org\/araba\/wp-content\/uploads\/sites\/16\/2017\/02\/images.jpg\" width=\"300\" height=\"242\" \/><\/a><\/p>\n","protected":false},"author":28,"featured_media":0,"comment_status":"closed","ping_status":"open","sticky":false,"template":"","format":"standard","meta":{"footnotes":""},"categories":[1],"tags":[],"class_list":["post-2130","post","type-post","status-publish","format-standard","hentry","category-uncategorized"],"_links":{"self":[{"href":"https:\/\/www.cgt-lkn.org\/araba\/wp-json\/wp\/v2\/posts\/2130","targetHints":{"allow":["GET"]}}],"collection":[{"href":"https:\/\/www.cgt-lkn.org\/araba\/wp-json\/wp\/v2\/posts"}],"about":[{"href":"https:\/\/www.cgt-lkn.org\/araba\/wp-json\/wp\/v2\/types\/post"}],"author":[{"embeddable":true,"href":"https:\/\/www.cgt-lkn.org\/araba\/wp-json\/wp\/v2\/users\/28"}],"replies":[{"embeddable":true,"href":"https:\/\/www.cgt-lkn.org\/araba\/wp-json\/wp\/v2\/comments?post=2130"}],"version-history":[{"count":1,"href":"https:\/\/www.cgt-lkn.org\/araba\/wp-json\/wp\/v2\/posts\/2130\/revisions"}],"predecessor-version":[{"id":2134,"href":"https:\/\/www.cgt-lkn.org\/araba\/wp-json\/wp\/v2\/posts\/2130\/revisions\/2134"}],"wp:attachment":[{"href":"https:\/\/www.cgt-lkn.org\/araba\/wp-json\/wp\/v2\/media?parent=2130"}],"wp:term":[{"taxonomy":"category","embeddable":true,"href":"https:\/\/www.cgt-lkn.org\/araba\/wp-json\/wp\/v2\/categories?post=2130"},{"taxonomy":"post_tag","embeddable":true,"href":"https:\/\/www.cgt-lkn.org\/araba\/wp-json\/wp\/v2\/tags?post=2130"}],"curies":[{"name":"wp","href":"https:\/\/api.w.org\/{rel}","templated":true}]}}