{"id":212,"date":"2013-01-24T18:18:54","date_gmt":"2013-01-24T18:18:54","guid":{"rendered":"http:\/\/www.cgt-lkn.org\/araba\/?p=212"},"modified":"2017-04-02T08:22:57","modified_gmt":"2017-04-02T08:22:57","slug":"del-28-de-enero-al-3-de-febrero-jornadas-de-lucha-contra-la-banca","status":"publish","type":"post","link":"https:\/\/www.cgt-lkn.org\/araba\/blog\/archivos\/212","title":{"rendered":"Del 28 de enero al 3 de febrero Jornadas de Lucha contra la Banca"},"content":{"rendered":"<p>La CGT continua con la senda de lucha que supuso la \u00faltima Huelga General y las<\/p>\n<p>movilizaciones realizadas a lo largo de todo el 2012<\/p>\n<p>Secretariado Permanente del Comit\u00e9 Confederal<\/p>\n<p>La CGT hace un llamamiento a toda la poblaci\u00f3n, a toda la clase trabajadora, a todas la organizaciones sociales y sindicales a continuar con las movilizaciones, a seguir tomando las calles, a generalizar el conflicto social, a secundar masivamente las protestas que se realizan en defensa de la sanidad y educaci\u00f3n p\u00fablica, de los servicios sociales, contra las privatizaciones, contra los EREs, contra los desahucios, los recortes de derechos y libertades, los despidos impunes, contra la represi\u00f3n&#8230; contra la injustas medidas de unos gobiernos, tanto central como auton\u00f3micos, que solo legislan al dictado de la Troika (UE, BM y FMI), de los poderosos y de los mercados financieros.<\/p>\n<p>En este sentido la CGT tiene convocada una Jornada de Lucha contra la Banca a lo largo de la semana del 28 de enero al 3 de febrero con el fin de se\u00f1alar que las entidades financieras, junto a los pol\u00edticos sumisos y su corrupci\u00f3n, son el verdadero problema de esta sociedad; preferentes, desahucios, rescate financiero, sueldos millonarios de sus directivos, ERE\u00b4s con miles de despidos de trabajadores\/as del sector&#8230; no pueden pasar desapercibidos y debemos se\u00f1alarlos como responsables de la situaci\u00f3n que se est\u00e1 haciendo padecer a todas y todos a cambio de inyectar cuant\u00edas millonarias a los banqueros.<\/p>\n<p>Desde la CGT proponemos a toda la sociedad algunas condiciones para empezar a poner las bases de una salida a esta situaci\u00f3n de tanta injusticia social:<\/p>\n<p>&#8211; La investigaci\u00f3n imparcial e independiente de los hechos que han provocado estos agujeros negros en las entidades financieras<\/p>\n<p>&#8211; El procesamiento de los gestores responsables y del organismo supervisor.<\/p>\n<p>&#8211; Supresi\u00f3n del negocio hipotecario, renegociaci\u00f3n de los cr\u00e9ditos y ni un solo desahucio m\u00e1s.<\/p>\n<p>&#8211; Mantenimiento de los empleos en el sector.<\/p>\n<p>&#8211; No pagar una deuda externa que consideramos ileg\u00edtima.<\/p>\n<p>&#8211; No a los rescates bancarios y cese de los recortes en servicios sociales, educaci\u00f3n, sanidad y atenci\u00f3n social.<\/p>\n<p>&#8211; Control y represi\u00f3n de la evasi\u00f3n de capitales y del fraude fiscal, supresi\u00f3n de los para\u00edsos financieros y de las SICAV, erradicaci\u00f3n de la corrupci\u00f3n en la pol\u00edtica<\/p>\n<p>&#8211; Un sistema fiscal justo y solidario basado en el reparto de la riqueza y el trabajo.<\/p>\n<p>&#8211; Generaci\u00f3n, con los recursos obtenidos con estas medidas, de un gran programa de creaci\u00f3n de puestos de trabajo.<\/p>\n<p>&#8211; Creaci\u00f3n de una Banca P\u00fablica, \u00e9tica, democr\u00e1tica, que permita el acceso de personas y familias a los recursos econ\u00f3micos.<\/p>\n<p>As\u00ed, y ante esta insostenible situaci\u00f3n, la CGT, junto a los movimientos sociales y sindicales, realizar\u00e1 diferentes acciones y movilizaciones entre el 28 de enero al 3 de febrero, para identificar a la banca y los pol\u00edticos que la apoyan como los verdaderos responsables del empobrecimiento del pa\u00eds y de toda la poblaci\u00f3n.<\/p>\n<p>http:\/\/www.cgt.org.es\/noticias-cgt\/comunicados\/por-unos-servicios-financieros-publicos-eticos-y-democraticos<\/p>\n<p>Secretariado Permanente del Comit\u00e9 Confederal<\/p>\n","protected":false},"excerpt":{"rendered":"<p>La CGT continua con la senda de lucha que supuso la \u00faltima Huelga General y las movilizaciones realizadas a lo<\/p>\n","protected":false},"author":28,"featured_media":0,"comment_status":"closed","ping_status":"open","sticky":false,"template":"","format":"standard","meta":{"footnotes":""},"categories":[1],"tags":[],"class_list":["post-212","post","type-post","status-publish","format-standard","hentry","category-uncategorized"],"_links":{"self":[{"href":"https:\/\/www.cgt-lkn.org\/araba\/wp-json\/wp\/v2\/posts\/212","targetHints":{"allow":["GET"]}}],"collection":[{"href":"https:\/\/www.cgt-lkn.org\/araba\/wp-json\/wp\/v2\/posts"}],"about":[{"href":"https:\/\/www.cgt-lkn.org\/araba\/wp-json\/wp\/v2\/types\/post"}],"author":[{"embeddable":true,"href":"https:\/\/www.cgt-lkn.org\/araba\/wp-json\/wp\/v2\/users\/28"}],"replies":[{"embeddable":true,"href":"https:\/\/www.cgt-lkn.org\/araba\/wp-json\/wp\/v2\/comments?post=212"}],"version-history":[{"count":3,"href":"https:\/\/www.cgt-lkn.org\/araba\/wp-json\/wp\/v2\/posts\/212\/revisions"}],"predecessor-version":[{"id":221,"href":"https:\/\/www.cgt-lkn.org\/araba\/wp-json\/wp\/v2\/posts\/212\/revisions\/221"}],"wp:attachment":[{"href":"https:\/\/www.cgt-lkn.org\/araba\/wp-json\/wp\/v2\/media?parent=212"}],"wp:term":[{"taxonomy":"category","embeddable":true,"href":"https:\/\/www.cgt-lkn.org\/araba\/wp-json\/wp\/v2\/categories?post=212"},{"taxonomy":"post_tag","embeddable":true,"href":"https:\/\/www.cgt-lkn.org\/araba\/wp-json\/wp\/v2\/tags?post=212"}],"curies":[{"name":"wp","href":"https:\/\/api.w.org\/{rel}","templated":true}]}}