{"id":177,"date":"2012-11-12T17:30:10","date_gmt":"2012-11-12T17:30:10","guid":{"rendered":"http:\/\/www.cgt-lkn.org\/araba\/?p=177"},"modified":"2017-04-02T08:22:58","modified_gmt":"2017-04-02T08:22:58","slug":"la-presion-social-paraliza-los-desahucios","status":"publish","type":"post","link":"https:\/\/www.cgt-lkn.org\/araba\/blog\/archivos\/177","title":{"rendered":"\u00abLas cosas cambian gracias a los que se movilizan contra los desahucios\u00bb"},"content":{"rendered":"<p>&nbsp;<\/p>\n<p><a href=\"http:\/\/video.publico.es\/videos\/0\/122544\" target=\"_blank\">Video Publico.es<\/a>\u00a0<\/p>\n<p>noticia de Publico.es<\/p>\n<div id=\"cuerpoNoticia\">\n<p>La actividad de cientos de personas comprometidas con la lucha contra los desahucios, sin duda uno de las consecuencias sociales m\u00e1s dram\u00e1tica de la crisis econ\u00f3mica, comienza a dar sus frutos. El mi\u00e9rcoles<a href=\"http:\/\/www.publico.es\/espana\/445052\/gobierno-y-psoe-quieren-aprobar-la-ley-antidesahucios-antes-de-navidad\" target=\"_blank\"> el PP y el PSOE anunciaron su intenci\u00f3n de pactar una nueva legislaci\u00f3n<\/a> que permita \u00abresolver las situaciones de especial vulnerabilidad\u00bb de aqu\u00e9llos que no pueden hacer frente a su hipoteca. Y este jueves la abogada general del Tribunal de Justicia de la UE,<a href=\"http:\/\/www.publico.es\/espana\/445080\/el-tribunal-de-justicia-europeo-ve-ilegal-la-ley-espanola-sobre-los-desahucios\" target=\"_blank\"> Juliane Kokott, ha declarado p\u00fablicamente que la legislaci\u00f3n vigente en Espa\u00f1a vulnera la normativa comunitaria<\/a> porque no garantiza una protecci\u00f3n eficaz de los consumidores, por lo que podr\u00eda ser considerada ilegal. Sin embargo, desde el colectivo de activistas y afectados que durante estos a\u00f1os se han opuesto en la calle a los desahucios <strong>se muestran esc\u00e9pticos <\/strong>frente a estos anuncios.<\/p>\n<p>\u00abSi Espa\u00f1a no arregla la normativa hipotecaria lo va a hacer la propia UE, porque el procedimiento es incompatible con la normativa europea\u00bb, explica a <em>P\u00fablico <\/em><strong>Ada Colau<\/strong>, activista y una de las portavoces m\u00e1s comprometidas de la Plataforma de Afectados por la Hipoteca (PAH), impulsores del movimiento <strong>&#8216;Stop Desahucios&#8217;<\/strong>. Aunque esta joven catalana cree que el posicionamiento de Juliane Kokott es \u00abmuy importante\u00bb para su causa, reconoce que \u00abno ser\u00eda la soluci\u00f3n total del problema\u00bb, porque, de llevarse a cabo, la modificaci\u00f3n de la ley afectar\u00eda a los nuevos procedimientos, pero \u00abno resolver\u00eda las m\u00e1s 400.000 ejecuciones hipotecarias que han sido emitidas y los desahucios que hay cada d\u00eda\u00bb.<\/p>\n<p>Colau se muestra m\u00e1s cr\u00edtica a\u00fan con el anuncia del PP y el PSOE de pactar una nueva legislaci\u00f3n, que ella recibe<strong> \u00abcon escepticismo y m\u00e1xima desconfianza\u00bb<\/strong>. A su entender, estos dos partidos son los mismos que durante los \u00faltimos cuatro a\u00f1os han bloqueado toda iniciativa que ofreciera soluciones para las personas que pierden su casa y adem\u00e1s han de seguir pagando la deuda con la entidad bancaria. Por eso, considera que su actitud es \u00abarrogante\u00bb, puesto que \u00abellos han sido los \u00faltimos en entrar en el debate. La UE, la ONU, la sociedad civil, los sindicatos, los medios de comunicaci\u00f3n&#8230; todos han hablado del drama de los desahucios en Espa\u00f1a y ellos nunca han querido saber nada\u00bb.<\/p>\n<p>Colau tila de \u00abarrogantes\u00bb a PP y PSOE por no contar con los afectados para la elaborar la ley<\/p>\n<p>En <a href=\"http:\/\/afectadosporlahipoteca.wordpress.com\/2012\/11\/07\/cumbre-anti-desahucios-de-pp-y-psoe-puroteatro\/\" target=\"_blank\">un comunicado<\/a>, la PAH se dirige tanto al PP como al PSOE para indicar que, si realmente quieren resolver el problema de las ejecuciones hipotecarias, \u00ablas soluciones hace tiempo que est\u00e1n sobre la mesa: daci\u00f3n en pago retroactiva, moratoria inmediata de los desahucios de viviendas habituales y alquiler social de las viviendas que de forma ileg\u00edtima acumula la banca\u00bb. Y todas estas medidas coinciden con<a href=\"http:\/\/www.publico.es\/espana\/429971\/arranca-la-iniciativa-legislativa-popular-contra-los-desahucios\" target=\"_blank\"> las que se recogen en la Iniciativa Legislativa Popular<\/a>, que ya lleva recogidas m\u00e1s de 500.000 firmas.<\/p>\n<p>Adem\u00e1s, Colau critica que para este nuevo acuerdo no hayan contado con la sociedad civil, ni con otros partidos que han llevado la iniciativa al Congreso anteriormente, ni con los propios afectados. M\u00e1s all\u00e1 de las formas, duda del contenido de la ley, porque \u00abde momento s\u00f3lo han hablado de medidas a futuro\u00bb y no contemplan \u00abni una medida para la gente ya afectada\u00bb. Y todo esto, para ella, es <strong>\u00abuna prueba de que el bipartidismo est\u00e1 en crisis\u00bb.<\/strong><\/p>\n<p><img loading=\"lazy\" decoding=\"async\" src=\"http:\/\/imagenes.publico-estaticos.es\/resources\/archivos\/2012\/11\/8\/1352385036832desahucio-abajo.jpg\" alt=\" \" width=\"640\" height=\"320\" \/><span style=\"font-size: small;\">Ciudadanos intentando paralizar un desahucio. -EFE<\/span><\/p>\n<h3>Los frutos de \u00abdejarse el tipo\u00bb<\/h3>\n<p>\u00abClar\u00edsimamente\u00bb que el PP y el PSOE se hayan decidido a afrontar el problema de las hipotecas y que desde la UE se hagan declaraciones como las de Kokott es \u00abconsecuencia del compromiso de la gente que se ha movilizado contra los desahucios\u00bb, piensa Ada Colau. \u00abMientras un conflicto est\u00e1 invisibilizado no existe. Cuando los ciudadanos ven los rostros de las cifras, cuando ven c\u00f3mo Polic\u00eda, bajo \u00f3rdenes del Gobierno, tiene que actuar de forma violenta contra personas pac\u00edficas para echarlas de sus casas, entonces reaccionan\u00bb a\u00f1ade la activista.<\/p>\n<p>Los activistas contra los desahucios han sufrido \u00abcriminalizaci\u00f3n y decenas de multas y detenciones\u00bbSin embargo, esta lucha no les ha salido gratis. En estos a\u00f1os de movimiento &#8216;Stop Desahucios&#8217;, que se vio fortalecido principalmente tras la irrupci\u00f3n del 15-M en el panorama pol\u00edtico y social espa\u00f1ol, los activistas han tenido que sufrir \u00abcrminalizaci\u00f3n y decenas de multas y detenciones\u00bb. Ellos son los que \u00abse han jugado el tipo para hacer valer los derechos humanos ante una administraci\u00f3n secuestrada por los intereses de las entidades financieras\u00bb.<\/p>\n<p>Con miras al futuro, Ada Calau espera que sus esfuerzos, y sus sufrimientos, sirvan de algo y los responsables de la gesti\u00f3n mala gesti\u00f3n de las entidades bancarias, \u00abcausante de un verdadero genocidio financiero\u00bb, sean castigados. Porque, al fin y al cabo, <strong>\u00abla impunidad es incompatible con la democracia\u00bb.<\/strong><\/p>\n<\/div>\n","protected":false},"excerpt":{"rendered":"<p><img loading=\"lazy\" decoding=\"async\" src=\"http:\/\/imagenes.publico-estaticos.es\/resources\/archivos\/2012\/11\/8\/1352385036832desahucio-abajo.jpg\" alt=\" \" width=\"640\" height=\"320\" \/><\/p>\n","protected":false},"author":28,"featured_media":0,"comment_status":"closed","ping_status":"open","sticky":false,"template":"","format":"standard","meta":{"footnotes":""},"categories":[1],"tags":[],"class_list":["post-177","post","type-post","status-publish","format-standard","hentry","category-uncategorized"],"_links":{"self":[{"href":"https:\/\/www.cgt-lkn.org\/araba\/wp-json\/wp\/v2\/posts\/177","targetHints":{"allow":["GET"]}}],"collection":[{"href":"https:\/\/www.cgt-lkn.org\/araba\/wp-json\/wp\/v2\/posts"}],"about":[{"href":"https:\/\/www.cgt-lkn.org\/araba\/wp-json\/wp\/v2\/types\/post"}],"author":[{"embeddable":true,"href":"https:\/\/www.cgt-lkn.org\/araba\/wp-json\/wp\/v2\/users\/28"}],"replies":[{"embeddable":true,"href":"https:\/\/www.cgt-lkn.org\/araba\/wp-json\/wp\/v2\/comments?post=177"}],"version-history":[{"count":5,"href":"https:\/\/www.cgt-lkn.org\/araba\/wp-json\/wp\/v2\/posts\/177\/revisions"}],"predecessor-version":[{"id":2302,"href":"https:\/\/www.cgt-lkn.org\/araba\/wp-json\/wp\/v2\/posts\/177\/revisions\/2302"}],"wp:attachment":[{"href":"https:\/\/www.cgt-lkn.org\/araba\/wp-json\/wp\/v2\/media?parent=177"}],"wp:term":[{"taxonomy":"category","embeddable":true,"href":"https:\/\/www.cgt-lkn.org\/araba\/wp-json\/wp\/v2\/categories?post=177"},{"taxonomy":"post_tag","embeddable":true,"href":"https:\/\/www.cgt-lkn.org\/araba\/wp-json\/wp\/v2\/tags?post=177"}],"curies":[{"name":"wp","href":"https:\/\/api.w.org\/{rel}","templated":true}]}}