{"id":126,"date":"2012-06-29T13:11:14","date_gmt":"2012-06-29T13:11:14","guid":{"rendered":"http:\/\/www.cgt-lkn.org\/araba\/?p=126"},"modified":"2017-04-02T08:23:14","modified_gmt":"2017-04-02T08:23:14","slug":"recortes-injustos-para-los-trabajadores-de-dependencia","status":"publish","type":"post","link":"https:\/\/www.cgt-lkn.org\/araba\/blog\/archivos\/126","title":{"rendered":"Recortes injustos para los trabajadores de Dependencia"},"content":{"rendered":"","protected":false},"excerpt":{"rendered":"<p>L@s trabajador@s de la <strong><em>Agencia de Servicios Sociales y Dependencia de Andaluc\u00eda se oponen al que se les recorten los salarios <\/em><\/strong>un 5% con car\u00e1cter retroactivo desde inicio de a\u00f1o, se oponen adem\u00e1s que les hagan trabajar m\u00e1s a la semana (37,5 horas) mientras que le rebaja la jornada un 10% a l@s trabajador@s no fij@s.<\/p>\n<p>&nbsp;<\/p>\n<div>\n<div>\n<div>\n<div>\n<div>\n<div>\n<div><a href=\"http:\/\/www.cgt.org.es\/recortes-injustos-para-los-trabajadores-de-dependencia\" target=\"_blank\"><img loading=\"lazy\" decoding=\"async\" title=\"\" src=\"http:\/\/www.cgt.org.es\/sites\/default\/files\/imagecache\/listado-260\/Motivo%20prohibido%20tijeras.jpg\" alt=\"\" width=\"260\" height=\"243\" \/><\/a><\/div>\n<\/div>\n<\/div>\n<\/div>\n<\/div>\n<\/div>\n<\/div>\n","protected":false},"author":28,"featured_media":0,"comment_status":"closed","ping_status":"open","sticky":false,"template":"","format":"standard","meta":{"footnotes":""},"categories":[1],"tags":[],"class_list":["post-126","post","type-post","status-publish","format-standard","hentry","category-uncategorized"],"_links":{"self":[{"href":"https:\/\/www.cgt-lkn.org\/araba\/wp-json\/wp\/v2\/posts\/126","targetHints":{"allow":["GET"]}}],"collection":[{"href":"https:\/\/www.cgt-lkn.org\/araba\/wp-json\/wp\/v2\/posts"}],"about":[{"href":"https:\/\/www.cgt-lkn.org\/araba\/wp-json\/wp\/v2\/types\/post"}],"author":[{"embeddable":true,"href":"https:\/\/www.cgt-lkn.org\/araba\/wp-json\/wp\/v2\/users\/28"}],"replies":[{"embeddable":true,"href":"https:\/\/www.cgt-lkn.org\/araba\/wp-json\/wp\/v2\/comments?post=126"}],"version-history":[{"count":2,"href":"https:\/\/www.cgt-lkn.org\/araba\/wp-json\/wp\/v2\/posts\/126\/revisions"}],"predecessor-version":[{"id":128,"href":"https:\/\/www.cgt-lkn.org\/araba\/wp-json\/wp\/v2\/posts\/126\/revisions\/128"}],"wp:attachment":[{"href":"https:\/\/www.cgt-lkn.org\/araba\/wp-json\/wp\/v2\/media?parent=126"}],"wp:term":[{"taxonomy":"category","embeddable":true,"href":"https:\/\/www.cgt-lkn.org\/araba\/wp-json\/wp\/v2\/categories?post=126"},{"taxonomy":"post_tag","embeddable":true,"href":"https:\/\/www.cgt-lkn.org\/araba\/wp-json\/wp\/v2\/tags?post=126"}],"curies":[{"name":"wp","href":"https:\/\/api.w.org\/{rel}","templated":true}]}}