{"id":4972,"date":"2020-02-24T11:13:52","date_gmt":"2020-02-24T11:13:52","guid":{"rendered":"http:\/\/www.cgt-lkn.org\/araba\/michelin\/?p=4972"},"modified":"2021-02-24T11:46:49","modified_gmt":"2021-02-24T11:46:49","slug":"permisos-michelin","status":"publish","type":"post","link":"https:\/\/www.cgt-lkn.org\/araba-michelin\/archivos\/4972","title":{"rendered":"PERMISOS MICHELIN"},"content":{"rendered":"<p class=\"western\" lang=\"es-ES\" align=\"justify\"><span style=\"font-size: 14pt;\"><u><strong>GRADOS DE CONSANGUINIDAD Y AFINIDAD<\/strong><\/u><\/span><\/p>\n<p class=\"western\" lang=\"es-ES\" align=\"justify\"><span style=\"font-size: 14pt;\"><u><strong>TRABAJADOR Y CONYUGE<\/strong><\/u><\/span><\/p>\n<p class=\"western\" lang=\"es-ES\" align=\"justify\"><span style=\"font-size: 14pt;\"><u><strong>1\u00ba &gt; PADRES \/ SUEGROS \/ HIJOS \/ YERNOS \/ NUERAS<\/strong><\/u><\/span><\/p>\n<p class=\"western\" lang=\"es-ES\" align=\"justify\"><span style=\"font-size: 14pt;\"><u><strong>2\u00ba &gt; ABUELOS \/ HERMANOS \/ CU\u00d1ADOS \/ NIETOS<\/strong><\/u><\/span><\/p>\n<p class=\"western\" lang=\"es-ES\" align=\"justify\"><span style=\"font-size: 14pt;\"><u><strong>3\u00ba &gt; BISABUELOS \/ TIOS \/ SOBRINOS \/ BIZNIETOS<\/strong><\/u><\/span><\/p>\n<p><span style=\"font-size: 14pt;\"><u><strong>4\u00ba &gt; PRIMOS<\/strong><\/u><\/span><\/p>\n<p>&nbsp;<\/p>\n<p class=\"western\" lang=\"es-ES\" align=\"justify\"><span style=\"font-size: 14pt;\"><u><strong>PERMISOS RETRIBUIDOS PREVIO AVISO Y JUSTIFICACI\u00d3N<\/strong><\/u><\/span><\/p>\n<p>&nbsp;<\/p>\n<p class=\"western\" align=\"justify\"><span style=\"font-size: 14pt;\"><u><strong>PERMISO POR NACIMIENTO DE HIJOS:<\/strong><\/u><span style=\"color: #ff0000;\"> <strong>TRES D\u00cdAS <\/strong><\/span><span lang=\"es-ES\">(dentro de los 10 primeros d\u00edas naturales), igual para acogimiento y\/o adopci\u00f3n. (con ces\u00e1rea <\/span><span lang=\"es-ES\"><strong>CUATRO<\/strong><\/span><span lang=\"es-ES\">),.<\/span><\/span><\/p>\n<p class=\"western\" align=\"justify\"><span style=\"font-size: 14pt;\"><span lang=\"es-ES\"><u><strong>ENFERMEDAD GRAVE U HOSPITALIZACI\u00d3N<\/strong><\/u><\/span><span lang=\"es-ES\">: <\/span><\/span><\/p>\n<p class=\"western\" align=\"justify\"><span style=\"font-size: 14pt;\"><span lang=\"es-ES\"><strong><span style=\"color: #ff0000;\">TRES D\u00cdAS LABORABLES<\/span>.<\/strong><\/span><span lang=\"es-ES\">&#8211;<\/span><span lang=\"es-ES\"> en el caso de c\u00f3nyuge, hijos o padres del trabajador\/a.<\/span><\/span><\/p>\n<p class=\"western\" lang=\"es-ES\" align=\"justify\"><span style=\"font-size: 14pt;\">Pasados 30 d\u00edas, si la situaci\u00f3n persistiera, tres d\u00edas para el caso de c\u00f3nyuge e hijos y dos d\u00edas para el caso de los padres del trabajador\/a. (En cualquiera de los casos laborables).<\/span><\/p>\n<p class=\"western\" align=\"justify\"><span style=\"font-size: 14pt;\"><span lang=\"es-ES\"><strong><span style=\"color: #ff0000;\">DOS D\u00cdAS LABORABLES<\/span>.<\/strong><\/span><span lang=\"es-ES\">&#8211; en caso de familiares de hasta el 2\u00ba grado de consanguinidad o afinidad.<\/span><\/span><\/p>\n<p class=\"western\" lang=\"es-ES\" align=\"justify\"><span style=\"font-size: 14pt;\">Estos permisos podr\u00e1n disfrutarse desde el turno C inmediatamente anterior, si es d\u00eda laborable, al d\u00eda del hecho causal del disfrute de dicho permiso.<\/span><\/p>\n<p class=\"western\" align=\"justify\"><span style=\"font-size: 14pt;\"><span lang=\"es-ES\"><u><strong>INTERVENCI\u00d3N QUIRURGICA SIN HOSPITALIZACI\u00d3N CON REPOSO: <\/strong><\/u><\/span><span lang=\"es-ES\" style=\"color: #ff0000;\"><strong>DOS D\u00cdAS NATURALES <\/strong><\/span><span lang=\"es-ES\">en caso de c\u00f3nyuge e hijos o padres del trabajador\/a y dem\u00e1s parientes hasta 2\u00ba grado de consanguinidad\/afinidad.<\/span><\/span><\/p>\n<p class=\"western\" align=\"justify\"><span lang=\"es-ES\" style=\"font-size: 14pt;\"><u><strong>FALLECIMIENTO:<\/strong><\/u><\/span><\/p>\n<p class=\"western\" align=\"justify\"><span style=\"font-size: 14pt;\"><span lang=\"es-ES\" style=\"color: #ff0000;\"><strong>DIEZ D\u00cdAS NATURALES<\/strong><\/span><span lang=\"es-ES\">.<\/span><span lang=\"es-ES\">&#8211; Fallecimiento de c\u00f3nyuge e hijos<\/span><\/span><\/p>\n<p class=\"western\" align=\"justify\"><span style=\"font-size: 14pt;\"><span lang=\"es-ES\" style=\"color: #ff0000;\"><strong>TRES D\u00cdAS NATURALES<\/strong><\/span><span lang=\"es-ES\">.- Fallecimiento de los padres del trabajador\/a.<\/span><\/span><\/p>\n<p class=\"western\" align=\"justify\"><span style=\"font-size: 14pt;\"><span lang=\"es-ES\" style=\"color: #ff0000;\"><strong>DOS D\u00cdAS NATURALES<\/strong><\/span><span lang=\"es-ES\">.<\/span><span lang=\"es-ES\">&#8211; Fallecimiento de familiares hasta el 2\u00ba de consanguinidad o afinidad.<\/span><\/span><\/p>\n<p class=\"western\" align=\"justify\"><span style=\"font-size: 14pt;\"><span lang=\"es-ES\"><u><strong>POR DESPLAZAMIENTO<\/strong><\/u><\/span><span lang=\"es-ES\">.- De 50 Km. a 350 Km. <\/span><span lang=\"es-ES\" style=\"color: #ff0000;\"><strong>DOS D\u00cdAS M\u00c1S<\/strong><\/span><span lang=\"es-ES\">. A partir de 350 Km.<\/span><span lang=\"es-ES\"><strong><span style=\"color: #ff0000;\"> TRES D\u00cdAS M\u00c1S<\/span><\/strong><\/span><span lang=\"es-ES\">.<\/span><\/span><\/p>\n<p class=\"western\" align=\"justify\"><span style=\"font-size: 14pt;\"><span lang=\"es-ES\"><u><strong>TIEMPO INDISPENSABLE<\/strong><\/u><\/span><span lang=\"es-ES\">. Cumplimiento de un deber inexcusable de car\u00e1cter p\u00fablico y personal, ex\u00e1menes estudios oficiales, consulta m\u00e9dica de la Seguridad Social, etc&#8230; que deban realizarse en horas de trabajo. <\/span><\/span><\/p>\n<p class=\"western\" align=\"justify\"><span style=\"font-size: 14pt;\"><span lang=\"es-ES\"><u><strong>POR CAMBIO DE DOMICILIO:<\/strong><\/u><\/span> <span lang=\"es-ES\"><strong><span style=\"color: #ff0000;\"> UN D\u00cdA LABORABLE<\/span>.<\/strong><\/span><\/span><\/p>\n<p class=\"western\" align=\"justify\"><span style=\"font-size: 14pt;\"><span lang=\"es-ES\"><u><strong>MATRIMONIO:<\/strong><\/u><\/span> <span lang=\"es-ES\"><strong><span style=\"color: #ff0000;\">16 D\u00cdAS NATURALES<\/span><\/strong><\/span><span lang=\"es-ES\">.<\/span><\/span><\/p>\n<p class=\"western\" align=\"justify\"><span style=\"font-size: 14pt;\"><span lang=\"es-ES\"><u><strong>MATRIMONIO DE PADRES, HIJOS, HERMANOS, SUEGROS Y CU\u00d1ADOS:<\/strong><\/u><\/span><span lang=\"es-ES\" style=\"color: #ff0000;\"><strong> UN D\u00cdA<\/strong><\/span><span lang=\"es-ES\"> (siempre que les correspondiese trabajar, y si el desplazamiento es superior a 350 Km., <\/span><span lang=\"es-ES\" style=\"color: #ff0000;\"><strong>UN D\u00cdA M\u00c1S<\/strong><\/span><span lang=\"es-ES\">).<\/span><\/span><\/p>\n<p class=\"western\" align=\"justify\"><span style=\"font-size: 14pt;\"><span lang=\"es-ES\"><u><strong>BAUTIZO, PRIMERA COMUNI\u00d3N O ACTO SOCIO-RELIGIOSO EQUIVALENTE DE SUS HIJOS<\/strong><\/u><\/span><span lang=\"es-ES\"><strong>.<\/strong><\/span> <span lang=\"es-ES\" style=\"color: #ff0000;\"><strong>UN D\u00cdA <\/strong><\/span><span lang=\"es-ES\">(siempre que les correspondiese trabajar). <\/span><\/span><\/p>\n<p class=\"western\" align=\"justify\"><span style=\"font-size: 14pt;\"><span lang=\"es-ES\"><u><strong>48 HORAS AL A\u00d1O ASISTENCIA A CONSULTORIO M\u00c9DICO<\/strong><\/u><\/span><span lang=\"es-ES\">.- En el caso de hijos o c\u00f3nyuge con un grado de discapacidad superior al 65%. Con discapacidad inferior al 65% se tendr\u00e1n en consideraci\u00f3n seg\u00fan informe m\u00e9dico oficial que est\u00e9n sujetos a procesos degenerativos de incremento de discapacidad, irreversibles.<\/span><\/span><\/p>\n<p class=\"western\" align=\"justify\"><span style=\"font-size: 14pt;\"><span lang=\"es-ES\"><u><strong>4 HORAS AL A\u00d1O ACOMPA\u00d1AMIENTO A CONSULTORIO M\u00c9DICO O INTERVENCIONES QUIR\u00daRGICAS MENORES.<\/strong><\/u><\/span><span lang=\"es-ES\"> \u2013 Hijos de hasta 14 a\u00f1os con justificaci\u00f3n por el facultativo y dentro de la Seguridad Social.<\/span><\/span><\/p>\n<p class=\"western\" align=\"justify\"><span style=\"font-size: 14pt;\"><span lang=\"es-ES\"><u><strong>EMBARAZO DE RIESGO:<\/strong><\/u><\/span><span lang=\"es-ES\"> La empresa complementar\u00e1 hasta el 100% del salario real desde la baja hasta el alumbramiento.<\/span><\/span><\/p>\n<p class=\"western\" align=\"justify\"><span style=\"font-size: 14pt;\"><span lang=\"es-ES\"><u><strong>PERMISO DE LACTANCIA:<\/strong><\/u><\/span><span lang=\"es-ES\"> Los trabajadores y trabajadoras podr\u00e1n acumular, si as\u00ed lo desean, en un periodo de 12 d\u00edas laborables el derecho de ausencia al trabajo seg\u00fan el art. 37.4 del ET, a continuaci\u00f3n de las 16 semanas de baja por maternidad y hasta los 9 meses.<\/span><\/span><\/p>\n<p class=\"western\" align=\"justify\"><span style=\"font-size: 14pt;\"><span lang=\"es-ES\"><u><strong>POR LACTANCIA DE UN HIJO MENOR DE 9 MESES:<\/strong><\/u><\/span> <span lang=\"es-ES\" style=\"color: #ff0000;\"><strong>UNA HORA DIARIA<\/strong><\/span><span lang=\"es-ES\"> que podr\u00e1 dividir en dos fracciones. La mujer podr\u00e1 sustituir este derecho por una reducci\u00f3n de su jornada en media hora.<\/span><\/span><\/p>\n<p class=\"western\" lang=\"es-ES\" align=\"justify\"><span style=\"font-size: 14pt;\">Este permiso podr\u00e1 ser disfrutado indistintamente por la madre o el padre en caso de que ambos trabajen.<\/span><\/p>\n<p class=\"western\" align=\"justify\"><span style=\"font-size: 14pt;\"><span lang=\"es-ES\"><u><strong>UNA HORA DIARIA<\/strong><\/u><\/span><span lang=\"es-ES\">.- Por que el ni\u00f1o\/a tenga que permanecer hospitalizado\/a a continuaci\u00f3n del parto, podr\u00e1 ser disfrutado indistintamente por la madre o el padre.<\/span><\/span><\/p>\n<p class=\"western\" align=\"justify\"><span style=\"font-size: 14pt;\"><u><strong>REDUCCI\u00d3N DE LA JORNADA DE TRABAJO HASTA UN M\u00c1XIMO DE DOS HORAS, CON LA DISMINUCI\u00d3N<\/strong><\/u> <u><strong>PROPORCIONAL DEL<\/strong><\/u><u> <\/u><u><strong>SALARIO<\/strong><\/u><strong>.<\/strong>&#8211; <span lang=\"es-ES\">Por que el ni\u00f1o\/a tenga que permanecer hospitalizado\/a a continuaci\u00f3n del parto, podr\u00e1 ser disfrutado indistintamente por la madre o el padre. El trabajador deber\u00e1 preavisar al empresario con quince d\u00edas de antelaci\u00f3n la fecha de su reincorporaci\u00f3n a su jornada ordinaria.<\/span><\/span><\/p>\n<p class=\"western\" align=\"justify\"><span style=\"font-size: 14pt;\"><span lang=\"es-ES\"><u><strong>LICENCIAS SIN SUELDO:<\/strong><\/u><\/span><span lang=\"es-ES\"> Con 5 a\u00f1os de antig\u00fcedad en la empresa se podr\u00e1 solicitar con una duraci\u00f3n m\u00e1xima de 3 meses. La empresa resolver\u00e1 favorablemente las citadas peticiones siempre que las mismas no perjudiquen la organizaci\u00f3n del servicio o taller y la marcha arm\u00f3nica de las instalaciones. Para tener derecho a una nueva licencia, deber\u00e1n transcurrir como m\u00ednimo 5 a\u00f1os. <\/span><\/span><\/p>\n<p class=\"western\" lang=\"es-ES\" align=\"justify\"><span style=\"font-size: 14pt;\">Con independencia de lo se\u00f1alado anteriormente, se tendr\u00e1 derecho a licencias sin sueldo en los supuestos de adopci\u00f3n o acogimiento internacional, por un periodo de hasta dos meses.<\/span><\/p>\n<p class=\"western\" align=\"justify\"><span lang=\"es-ES\" style=\"font-size: 14pt;\">Se dar\u00e1 el mismo tratamiento de licencia sin sueldo, por un periodo de hasta seis meses, para el cuidado del c\u00f3nyuge, hijos y resto de familiares de primer grado a su cargo, por enfermedad grave as\u00ed tipificada y con proceso de curaci\u00f3n prolongado, requiri\u00e9ndose cuidados directos, continuos y permanentes. Acreditado por el informe del Servicio P\u00fablico de Salud.<\/span><\/p>\n<p><span style=\"font-size: 14pt;\">Del mismo modo, se dar\u00e1 el tratamiento de licencia sin sueldo para asistir a t\u00e9cnicas de reproducci\u00f3n asistida, de modo justificado y por el tiempo indispensable.<\/span><\/p>\n<p class=\"western\" align=\"justify\"><span style=\"font-size: 14pt;\"><span lang=\"es-ES\"><u><strong>VIUDEDAD:<\/strong><\/u><\/span><span lang=\"es-ES\"> Para los casos con hijos menores de 4 a\u00f1os: Posibilidad de reducci\u00f3n del 50% de la jornada, con abono total del 75% de su salario correspondiente a las 8 horas.<\/span><\/span><\/p>\n<p>&nbsp;<\/p>\n<p class=\"western\" align=\"justify\"><span style=\"font-size: 14pt;\"><strong>Todos los permisos retribuidos se hacen extensivos a las familias formadas por c\u00f3nyuges con hijos no comunes y a las llamadas parejas de hecho que est\u00e9n inscritas como tal en el Registro correspondiente.<\/strong><\/span><\/p>\n","protected":false},"excerpt":{"rendered":"<p>GRADOS DE CONSANGUINIDAD Y AFINIDAD TRABAJADOR Y CONYUGE 1\u00ba &gt; PADRES \/ SUEGROS \/ HIJOS \/ YERNOS \/ NUERAS 2\u00ba<\/p>\n","protected":false},"author":28,"featured_media":4979,"comment_status":"closed","ping_status":"closed","sticky":false,"template":"","format":"standard","meta":{"footnotes":"","_links_to":"","_links_to_target":""},"categories":[10],"tags":[],"class_list":["post-4972","post","type-post","status-publish","format-standard","has-post-thumbnail","hentry","category-permisos"],"_links":{"self":[{"href":"https:\/\/www.cgt-lkn.org\/araba-michelin\/wp-json\/wp\/v2\/posts\/4972","targetHints":{"allow":["GET"]}}],"collection":[{"href":"https:\/\/www.cgt-lkn.org\/araba-michelin\/wp-json\/wp\/v2\/posts"}],"about":[{"href":"https:\/\/www.cgt-lkn.org\/araba-michelin\/wp-json\/wp\/v2\/types\/post"}],"author":[{"embeddable":true,"href":"https:\/\/www.cgt-lkn.org\/araba-michelin\/wp-json\/wp\/v2\/users\/28"}],"replies":[{"embeddable":true,"href":"https:\/\/www.cgt-lkn.org\/araba-michelin\/wp-json\/wp\/v2\/comments?post=4972"}],"version-history":[{"count":1,"href":"https:\/\/www.cgt-lkn.org\/araba-michelin\/wp-json\/wp\/v2\/posts\/4972\/revisions"}],"predecessor-version":[{"id":4973,"href":"https:\/\/www.cgt-lkn.org\/araba-michelin\/wp-json\/wp\/v2\/posts\/4972\/revisions\/4973"}],"wp:featuredmedia":[{"embeddable":true,"href":"https:\/\/www.cgt-lkn.org\/araba-michelin\/wp-json\/wp\/v2\/media\/4979"}],"wp:attachment":[{"href":"https:\/\/www.cgt-lkn.org\/araba-michelin\/wp-json\/wp\/v2\/media?parent=4972"}],"wp:term":[{"taxonomy":"category","embeddable":true,"href":"https:\/\/www.cgt-lkn.org\/araba-michelin\/wp-json\/wp\/v2\/categories?post=4972"},{"taxonomy":"post_tag","embeddable":true,"href":"https:\/\/www.cgt-lkn.org\/araba-michelin\/wp-json\/wp\/v2\/tags?post=4972"}],"curies":[{"name":"wp","href":"https:\/\/api.w.org\/{rel}","templated":true}]}}