{"id":4563,"date":"2020-03-25T18:21:13","date_gmt":"2020-03-25T18:21:13","guid":{"rendered":"http:\/\/www.cgt-lkn.org\/araba\/michelin\/?p=4563"},"modified":"2020-03-25T18:21:13","modified_gmt":"2020-03-25T18:21:13","slug":"vacaciones-anticipadas-voluntarias","status":"publish","type":"post","link":"https:\/\/www.cgt-lkn.org\/araba-michelin\/archivos\/4563","title":{"rendered":"\u00bf\u00bbVACACIONES ANTICIPADAS\u00bb VOLUNTARIAS?"},"content":{"rendered":"<p><strong>\u00bf\u201dVACACIONES<\/strong><strong> ANTICIPADAS\u201d VOLUNTARIAS?<\/strong><\/p>\n<p><strong>\u00a0<\/strong><\/p>\n<p>Viendo las dudas suscitadas con motivo del \u201ctanteo\u201d personalizado de la maestr\u00eda en torno a nuestra preferencia por vacaciones o ERTE durante los d\u00edas de cierre, desde CGT vemos necesario hacer unas <strong>aclaraciones<\/strong>:<\/p>\n<p>-Decantarse por coger \u201cvacaciones anticipadas\u201d es <strong>VOLUNTARIO<\/strong> para toda la plantilla, <strong>tengamos contrato EVENTUAL o INDEFINIDO.<\/strong><\/p>\n<p>&#8211;<strong>No se nos puede obligar,\u00a0 EVENTUALES O NO<\/strong>, a modificar nuestras vacaciones (Art 38 Estatuto Trabajadores).<\/p>\n<p>-Es verdad que durante el ERTE perdemos un 20% del sueldo, pero <strong>conservamos \u00edntegros nuestros 32 d\u00edas de vacaciones y las pagas extra<\/strong>.<\/p>\n<p>-La empresa se beneficia del ERTE, al ahorrar en cotizaciones m\u00e1s de lo invertido en complemento. Pero <strong>m\u00e1s se beneficia adelant\u00e1ndonos las vacaciones para meternos en su bolsa de reserva veraniega<\/strong>.<\/p>\n<p>-Cada cu\u00e1l es conocedor de su situaci\u00f3n econ\u00f3mica y familiar, y mayorcito para decidir si le merece la pena o no <strong>intercambiar d\u00edas de confinamiento por d\u00edas de vacaciones, dejando su tiempo de ocio como \u00faltima prioridad.<\/strong><\/p>\n<p>-Nos parece deleznable que Michelin presuma de \u201cResponsabilidad Social\u201d, <strong>mientras intenta sacar provecho de esta crisis sanitaria<\/strong>.<\/p>\n<p>&nbsp;<\/p>\n<p><strong>ESTAREMOS ATENTOS A CUALQUIER INTENTO DE CHANTAJE O COACCI\u00d3N QUE TENGA LUGAR EN RELACI\u00d3N CON ESTE ASUNTO<\/strong><\/p>\n<p>&nbsp;<\/p>\n","protected":false},"excerpt":{"rendered":"<p>\u00bf\u201dVACACIONES ANTICIPADAS\u201d VOLUNTARIAS? \u00a0 Viendo las dudas suscitadas con motivo del \u201ctanteo\u201d personalizado de la maestr\u00eda en torno a nuestra<\/p>\n","protected":false},"author":28,"featured_media":4564,"comment_status":"closed","ping_status":"closed","sticky":false,"template":"","format":"standard","meta":{"footnotes":"","_links_to":"","_links_to_target":""},"categories":[14,12,10,5],"tags":[],"class_list":["post-4563","post","type-post","status-publish","format-standard","has-post-thumbnail","hentry","category-comunicados","category-notas-de-tablon","category-permisos","category-seguridad-e-higiene"],"_links":{"self":[{"href":"https:\/\/www.cgt-lkn.org\/araba-michelin\/wp-json\/wp\/v2\/posts\/4563","targetHints":{"allow":["GET"]}}],"collection":[{"href":"https:\/\/www.cgt-lkn.org\/araba-michelin\/wp-json\/wp\/v2\/posts"}],"about":[{"href":"https:\/\/www.cgt-lkn.org\/araba-michelin\/wp-json\/wp\/v2\/types\/post"}],"author":[{"embeddable":true,"href":"https:\/\/www.cgt-lkn.org\/araba-michelin\/wp-json\/wp\/v2\/users\/28"}],"replies":[{"embeddable":true,"href":"https:\/\/www.cgt-lkn.org\/araba-michelin\/wp-json\/wp\/v2\/comments?post=4563"}],"version-history":[{"count":1,"href":"https:\/\/www.cgt-lkn.org\/araba-michelin\/wp-json\/wp\/v2\/posts\/4563\/revisions"}],"predecessor-version":[{"id":4565,"href":"https:\/\/www.cgt-lkn.org\/araba-michelin\/wp-json\/wp\/v2\/posts\/4563\/revisions\/4565"}],"wp:featuredmedia":[{"embeddable":true,"href":"https:\/\/www.cgt-lkn.org\/araba-michelin\/wp-json\/wp\/v2\/media\/4564"}],"wp:attachment":[{"href":"https:\/\/www.cgt-lkn.org\/araba-michelin\/wp-json\/wp\/v2\/media?parent=4563"}],"wp:term":[{"taxonomy":"category","embeddable":true,"href":"https:\/\/www.cgt-lkn.org\/araba-michelin\/wp-json\/wp\/v2\/categories?post=4563"},{"taxonomy":"post_tag","embeddable":true,"href":"https:\/\/www.cgt-lkn.org\/araba-michelin\/wp-json\/wp\/v2\/tags?post=4563"}],"curies":[{"name":"wp","href":"https:\/\/api.w.org\/{rel}","templated":true}]}}