{"id":4484,"date":"2020-01-30T10:00:38","date_gmt":"2020-01-30T10:00:38","guid":{"rendered":"http:\/\/www.cgt-lkn.org\/araba\/michelin\/?p=4484"},"modified":"2020-01-30T10:00:38","modified_gmt":"2020-01-30T10:00:38","slug":"ayudas-para-la-conciliacion-de-la-vida-familiar-y-laboral-decreto-164-2019-de-22-de-octubre","status":"publish","type":"post","link":"https:\/\/www.cgt-lkn.org\/araba-michelin\/archivos\/4484","title":{"rendered":"AYUDAS PARA LA CONCILIACI\u00d3N DE LA VIDA FAMILIAR Y LABORAL DECRETO 164\/2019 DE 22 DE OCTUBRE"},"content":{"rendered":"<p><span style=\"font-size: 14pt;\">Con esta ayuda se pretende cubrir la diferencia entre la duraci\u00f3n del permiso por nacimiento con el que cuenta la madre, frente al otro progenitor hasta el a\u00f1o 2021. A\u00f1o en que la duraci\u00f3n de ambos permisos se equiparan<\/span><\/p>\n<p><span style=\"font-size: 14pt;\"><strong>Se hace<\/strong>\u00a0 a trav\u00e9s de la la excedencia por cuidado de hijo o hija menor de un a\u00f1o. El otro progenitor deber\u00e1 solicitar la citada excedencia en su empresa y a partir de ah\u00ed el Gobierno Vasco proceder\u00e1 a subvencionarla en la duraci\u00f3n correspondiente a la diferencia entre permisos.<\/span><\/p>\n<p><span style=\"font-size: 14pt;\">La excedencia por cuidado de hijo o hija que nazca o se constituya la adopci\u00f3n a partir de la entrada en vigor del Decreto, 1 de noviembre, durante el primer a\u00f1o de vida. En el caso de la adopci\u00f3n, tutela o guarda el a\u00f1o comienza a contar desde la inscripci\u00f3n de la constituci\u00f3n en el Registro Civil.<\/span><\/p>\n<p><span style=\"font-size: 14pt;\"><strong>Se subvencionar\u00e1n<\/strong>\u00a0las excedencias que no tengan ning\u00fan tipo de compensaci\u00f3n econ\u00f3mica legal o convencional.<\/span><br \/>\n<span style=\"font-size: 14pt;\">La otra persona progenitora, la no solicitante, en caso de haberla, se ha tenido que haber incorporado a su actividad laboral con su jornada habitual durante todo el periodo subvencionable, con excepci\u00f3n del permiso de lactancia.<\/span><\/p>\n<p><span style=\"font-size: 14pt;\">No se subvencionaran las excedencias cuando la otra persona progenitora se encuentre en situaci\u00f3n de reducci\u00f3n de jornada o tenga un contrato a tiempo parcial de porcentaje inferior al 50%.<\/span><\/p>\n<p><span style=\"font-size: 14pt;\">Supuesto de aut\u00f3nomos: Tiene que contratar, durante el mes anterior a la excedencia, a un trabajador o trabajadora a tiempo completo y mientras dure la excedencia.<\/span><\/p>\n<p><span style=\"font-size: 14pt;\"><strong>La duraci\u00f3n<\/strong>\u00a0es la diferencia entre 16 semanas y el permiso por nacimiento reconocido en el Estatuto de los Trabajadores para progenitor distinto de la madre biol\u00f3gica.<\/span><br \/>\n<span style=\"font-size: 14pt;\">Concretamente la excedencia se subvencionar\u00e1 durante:<\/span><br \/>\n<span style=\"font-size: 14pt;\">A\u00f1o 2019: 8 semanas<\/span><br \/>\n<span style=\"font-size: 14pt;\">A\u00f1o 2020: 4 semanas<\/span><br \/>\n<span style=\"font-size: 14pt;\">A\u00f1o 2021: Se equiparan los permisos de ambos progenitores.<\/span><\/p>\n<p><span style=\"font-size: 14pt;\">En los supuestos de discapacidad del hijo o hija o de parto m\u00faltiple (por cada hijo\/a distinto\/a del primero\/a se a\u00f1aden dos semanas adicionales a repartir por cada progenitor), la diferencia entre 17 semanas y el permiso por nacimiento reconocido en el ET para progenitor distinto de la madre biol\u00f3gica.<\/span><\/p>\n<p><span style=\"font-size: 14pt;\">A\u00f1o 2019: 9 semanas<\/span><br \/>\n<span style=\"font-size: 14pt;\">A\u00f1o 2020: 5 semanas<\/span><\/p>\n<p><span style=\"font-size: 14pt;\">En el caso de\u00a0<strong>familias monoparentales<\/strong>: La diferencia entre 24 semanas y lo reconocido en el ET (16 semanas), es decir, 8 semanas.<\/span><\/p>\n<p><span style=\"font-size: 14pt;\"><strong>Los beneficiarios ser\u00e1n<\/strong>:<\/span><\/p>\n<p><span style=\"font-size: 14pt;\">\u2013 Trabajadores por cuenta ajena a los que sea de aplicaci\u00f3n el ET, a excepci\u00f3n del<\/span><br \/>\n<span style=\"font-size: 14pt;\">personal laboral de las Administraciones P\u00fablicas.<\/span><\/p>\n<p><span style=\"font-size: 14pt;\">\u2013 Las personas socias trabajadoras o socias de trabajo de las Sociedades Cooperativas.<\/span><\/p>\n<p><span style=\"font-size: 14pt;\">\u2013 Las personas trabajadoras por cuenta propia o aut\u00f3nomos.<\/span><\/p>\n<p><span style=\"font-size: 14pt;\"><strong>Los requisitos<\/strong>\u00a0que hay que cumplir son:<\/span><\/p>\n<p><span style=\"font-size: 14pt;\">\u2013 Ostentar la guardia y custodia del hijo\/a para cuyo cuidado se solicita la excedencia.<\/span><\/p>\n<p><span style=\"font-size: 14pt;\">\u2013 Estar empadronado conjuntamente con el hijo\/a en cualquier municipio de la CAPV durante toda la excedencia y el a\u00f1o anterior a la solicitud de forma continuada. Si esto no se cumple habr\u00e1 de acreditar el haber estado 5 a\u00f1os de forma continuada en los 10 a\u00f1os anteriores.<\/span><br \/>\n<span style=\"font-size: 14pt;\">(Se excepciona la exigencia de empadronamiento conjunto con el hijo\/a en el caso de guardia y custodia compartida reconocida en resoluci\u00f3n judicial, que deber\u00e1 estar empadronado con alguno de los dos)<\/span><\/p>\n<p><span style=\"font-size: 14pt;\">-Haber agotado el derecho a la prestaci\u00f3n contributiva por nacimiento de la Seguridad Social.<\/span><\/p>\n<p><span style=\"font-size: 14pt;\">El hijo o la hija no podr\u00e1 estar matriculado en un centro de educaci\u00f3n infantil tanto p\u00fablico ocomo privado.<\/span><\/p>\n<p><span style=\"font-size: 14pt;\">\u2013 Supuesto de aut\u00f3nomos: Tiene que contratar, durante el mes anterior a la excedencia, a un trabajador o trabajadora a tiempo completo y mientras dure la excedencia.<\/span><\/p>\n<p><span style=\"font-size: 14pt;\"><strong>La cuant\u00eda de la ayuda<\/strong>\u00a0que vas a recibir es:<\/span><\/p>\n<p><span style=\"font-size: 14pt;\">\u2013 Base de cotizaci\u00f3n del mes anterior a aquel en que se inicia la actuaci\u00f3n subvencionable.<\/span><br \/>\n<span style=\"font-size: 14pt;\">\u2013 En el caso de disfrutar la excedencia de forma discontinua, la base de cotizaci\u00f3n ser\u00e1 la correspondiente al mes anterior que se solicite por primera vez.<\/span><\/p>\n<p><span style=\"font-size: 14pt;\"><strong>Los plazos<\/strong>\u00a0para\u00a0 solicitar es una vez haya finalizado la excedencia y hasta 3 meses despu\u00e9s de transcurrido el a\u00f1o durante el cual se podr\u00eda haber disfrutado de la excedencia.<\/span><\/p>\n<p><span style=\"font-size: 14pt;\"><strong>Para solicitar<\/strong>\u00a0se debe hacer mediante presentaci\u00f3n de formulario oficial en las oficinas del Servicio de Atenci\u00f3n ciudadana del GV (Zuzenean) junto con la documentaci\u00f3n que acredite el cumplimiento de los requisitos exigidos.<\/span><\/p>\n<p><span style=\"font-size: 14pt;\">El Gobierno Vasco tiene un plazo m\u00e1ximo\u00a0<strong>para resolver y notificar\u00a0 de 6 meses desde la presentaci\u00f3n<\/strong>\u00a0de la solicitud. Si no hay resoluci\u00f3n expresa se entender\u00e1 concedida.<\/span><\/p>\n<p><span style=\"font-size: 14pt;\">Una vez que haya resoluci\u00f3n mediante un \u00fanico pago en el plazo de 2 meses desde la notificaci\u00f3n.<\/span><\/p>\n","protected":false},"excerpt":{"rendered":"<p>Con esta ayuda se pretende cubrir la diferencia entre la duraci\u00f3n del permiso por nacimiento con el que cuenta la<\/p>\n","protected":false},"author":28,"featured_media":4485,"comment_status":"closed","ping_status":"closed","sticky":false,"template":"","format":"standard","meta":{"footnotes":"","_links_to":"","_links_to_target":""},"categories":[14,10],"tags":[],"class_list":["post-4484","post","type-post","status-publish","format-standard","has-post-thumbnail","hentry","category-comunicados","category-permisos"],"_links":{"self":[{"href":"https:\/\/www.cgt-lkn.org\/araba-michelin\/wp-json\/wp\/v2\/posts\/4484","targetHints":{"allow":["GET"]}}],"collection":[{"href":"https:\/\/www.cgt-lkn.org\/araba-michelin\/wp-json\/wp\/v2\/posts"}],"about":[{"href":"https:\/\/www.cgt-lkn.org\/araba-michelin\/wp-json\/wp\/v2\/types\/post"}],"author":[{"embeddable":true,"href":"https:\/\/www.cgt-lkn.org\/araba-michelin\/wp-json\/wp\/v2\/users\/28"}],"replies":[{"embeddable":true,"href":"https:\/\/www.cgt-lkn.org\/araba-michelin\/wp-json\/wp\/v2\/comments?post=4484"}],"version-history":[{"count":1,"href":"https:\/\/www.cgt-lkn.org\/araba-michelin\/wp-json\/wp\/v2\/posts\/4484\/revisions"}],"predecessor-version":[{"id":4486,"href":"https:\/\/www.cgt-lkn.org\/araba-michelin\/wp-json\/wp\/v2\/posts\/4484\/revisions\/4486"}],"wp:featuredmedia":[{"embeddable":true,"href":"https:\/\/www.cgt-lkn.org\/araba-michelin\/wp-json\/wp\/v2\/media\/4485"}],"wp:attachment":[{"href":"https:\/\/www.cgt-lkn.org\/araba-michelin\/wp-json\/wp\/v2\/media?parent=4484"}],"wp:term":[{"taxonomy":"category","embeddable":true,"href":"https:\/\/www.cgt-lkn.org\/araba-michelin\/wp-json\/wp\/v2\/categories?post=4484"},{"taxonomy":"post_tag","embeddable":true,"href":"https:\/\/www.cgt-lkn.org\/araba-michelin\/wp-json\/wp\/v2\/tags?post=4484"}],"curies":[{"name":"wp","href":"https:\/\/api.w.org\/{rel}","templated":true}]}}