{"id":2441,"date":"2015-12-22T20:03:46","date_gmt":"2015-12-22T20:03:46","guid":{"rendered":"http:\/\/www.cgt-lkn.org\/araba\/michelin\/?p=2441"},"modified":"2018-04-11T11:23:02","modified_gmt":"2018-04-11T11:23:02","slug":"nota-tablon-respuesta-cgt-al-rechazo-por-parte-de-michelin-de-los-calendarios-5x8-de-apertura-revisable","status":"publish","type":"post","link":"https:\/\/www.cgt-lkn.org\/araba-michelin\/archivos\/2441","title":{"rendered":"NOTA TABL\u00d3N: RESPUESTA CGT AL RECHAZO POR PARTE DE MICHELIN DE LOS CALENDARIOS 5X8 DE APERTURA REVISABLE"},"content":{"rendered":"<p style=\"text-align: center;\"><span style=\"font-size: 14pt;\"><strong>RESPUESTA DE LA SECCI\u00d3N SINDICAL DE CGT AL RECHAZO POR PARTE DE LA EMPRESA\u00a0 A LA PROPUESTA DE CALENDARIOS REVISABLES <\/strong><\/span><\/p>\n<p style=\"text-align: justify;\"><span style=\"font-size: 14pt;\">Ante la <strong>nueva imposici\u00f3n<\/strong> de los calendarios por parte de Michelin, desde la secci\u00f3n sindical de CGT queremos manifestar lo siguiente:<\/span><\/p>\n<p style=\"text-align: justify;\"><span style=\"font-size: 14pt;\">1\u00ba.- Michelin da por hecho que su propuesta de Calendarios es la \u00fanica posible. Esto no es cierto, ya que tiene encima de la mesa de negociaci\u00f3n (en Vitoria no se ha firmado nada) una <strong>propuesta viable, abierta a la negociaci\u00f3n, infinitamente mejor, y que no perjudica a ninguna de las partes.<\/strong><\/span><\/p>\n<p style=\"text-align: justify;\"><span style=\"font-size: 14pt;\">2\u00ba.-El Calendario de Sistema Revisable (SR) presentado por el Comit\u00e9, contiene la apertura que necesita la Empresa seg\u00fan su Plan Anual (PA) m\u00e1s nueve d\u00edas y, como su propio nombre indica, podr\u00e1 ser revisado (\u00fanicamente desactivando) a lo largo del a\u00f1o. Adem\u00e1s, <strong>este sistema no solo no genera deuda<\/strong>, sino que <strong>regula la deuda individual pendiente del SV<\/strong> con los d\u00edas de exceso de jornada que se puedan generar.<\/span><\/p>\n<p style=\"text-align: justify;\"><span style=\"font-size: 14pt;\">3\u00ba.- No es cierto que el SR que proponemos desde el Comit\u00e9, genere p\u00e9rdidas productivas, dado que se le ofrece a la Empresa su mismo abanico de aperturas, pero gestionado de forma m\u00e1s racional, simplemente cambiando las \u201cX\u201d actuales por d\u00edas al alza <strong>(9 d\u00edas de m\u00e1s)<\/strong> contemplados en los Calendarios y que Michelin puede gestionar a su conveniencia, manteni\u00e9ndolos o desactiv\u00e1ndolos. De no ser esto suficiente, (y as\u00ed se lo hemos expuesto en las reuniones), seguimos contemplando lo recogido en el <strong>art\u00edculo 29<\/strong> del Convenio, en lo referente a <strong>variaciones imprevistas de la producci\u00f3n<\/strong>.<\/span><\/p>\n<p style=\"text-align: justify;\"><span style=\"font-size: 14pt;\">4\u00ba.- No es cierto que el SR que proponemos desde el Comit\u00e9, genere un excedente de personal, dado que ante una bajada de producci\u00f3n en alguna actividad, se le ofrece la posibilidad de reducir en <strong>3 d\u00edas (9 equipos) <\/strong>la apertura inicial. Si esto no fuera suficiente bastar\u00eda con <strong>aglutinar una parte de las vacaciones<\/strong> de todas las personas afectadas en dicha actividad en un mismo per\u00edodo, hasta recuperar la marcha normal de la Empresa.<\/span><\/p>\n<p style=\"text-align: justify;\"><span style=\"font-size: 14pt;\">\u00a05\u00ba.- Por lo anteriormente expuesto, afirmamos <strong>rotundamente<\/strong> que nuestros calendarios son <strong>perfectamente aplicables<\/strong> para la\u00a0 Empresa.<\/span><\/p>\n<p style=\"text-align: justify;\"><span style=\"font-size: 14pt;\">Por \u00faltimo decir, que el Convenio y acuerdos a que se refiere la Empresa, no son los emanados de la negociaci\u00f3n de Convenio para Vitoria, por lo tanto le pedir\u00edamos a esta que en lugar de gastar tantas energ\u00edas en manipular y tergiversar lo que hay en la mesa de negociaci\u00f3n, las gaste en sentarse a negociar realmente. Sin imposiciones.<\/span><\/p>\n<p style=\"text-align: justify;\"><span style=\"font-size: 14pt;\">Tan leg\u00edtimo es lo que ella defiende como lo que defendemos los trabajadores\/as, con una salvedad: <strong>a nosotros nos preocupa, adem\u00e1s de la buena marcha de <\/strong><\/span><strong>la Empresa, nuestro empleo y las condiciones en que trabajamos,<\/strong><span style=\"font-size: 14pt;\"> mientras que a ella, solo el montante de los beneficios que obtendr\u00e1 al final de cada ejercicio. Si realmente le preocupa el bienestar de los trabajadores\/as, que lo demuestre. Ahora tiene la oportunidad.<\/span><\/p>\n<p><span style=\"font-size: 12pt;\">Salud, acierto y dignidad<\/span><\/p>\n<p style=\"text-align: right;\">En Vitoria, a 22 de Diciembre de 2015<\/p>\n","protected":false},"excerpt":{"rendered":"<p><a href=\"https:\/\/www.cgt-lkn.org\/araba-michelin\/2015\/12\/22\/nota-tablon-respuesta-cgt-al-rechazo-por-parte-de-michelin-de-los-calendarios-5x8-de-apertura-revisable\/\" rel=\"attachment wp-att-1043\"><img loading=\"lazy\" decoding=\"async\" class=\"aligncenter size-full wp-image-1043\" src=\"https:\/\/www.cgt-lkn.org\/araba-michelin\/files\/2013\/05\/CALENDARIOS.jpeg\" alt=\"CALENDARIOS\" width=\"211\" height=\"239\" \/><\/a><\/p>\n","protected":false},"author":28,"featured_media":0,"comment_status":"closed","ping_status":"open","sticky":false,"template":"","format":"standard","meta":{"footnotes":"","_links_to":"","_links_to_target":""},"categories":[12],"tags":[],"class_list":["post-2441","post","type-post","status-publish","format-standard","hentry","category-notas-de-tablon"],"_links":{"self":[{"href":"https:\/\/www.cgt-lkn.org\/araba-michelin\/wp-json\/wp\/v2\/posts\/2441","targetHints":{"allow":["GET"]}}],"collection":[{"href":"https:\/\/www.cgt-lkn.org\/araba-michelin\/wp-json\/wp\/v2\/posts"}],"about":[{"href":"https:\/\/www.cgt-lkn.org\/araba-michelin\/wp-json\/wp\/v2\/types\/post"}],"author":[{"embeddable":true,"href":"https:\/\/www.cgt-lkn.org\/araba-michelin\/wp-json\/wp\/v2\/users\/28"}],"replies":[{"embeddable":true,"href":"https:\/\/www.cgt-lkn.org\/araba-michelin\/wp-json\/wp\/v2\/comments?post=2441"}],"version-history":[{"count":6,"href":"https:\/\/www.cgt-lkn.org\/araba-michelin\/wp-json\/wp\/v2\/posts\/2441\/revisions"}],"predecessor-version":[{"id":2584,"href":"https:\/\/www.cgt-lkn.org\/araba-michelin\/wp-json\/wp\/v2\/posts\/2441\/revisions\/2584"}],"wp:attachment":[{"href":"https:\/\/www.cgt-lkn.org\/araba-michelin\/wp-json\/wp\/v2\/media?parent=2441"}],"wp:term":[{"taxonomy":"category","embeddable":true,"href":"https:\/\/www.cgt-lkn.org\/araba-michelin\/wp-json\/wp\/v2\/categories?post=2441"},{"taxonomy":"post_tag","embeddable":true,"href":"https:\/\/www.cgt-lkn.org\/araba-michelin\/wp-json\/wp\/v2\/tags?post=2441"}],"curies":[{"name":"wp","href":"https:\/\/api.w.org\/{rel}","templated":true}]}}